{"id":87,"date":"2024-08-08T12:25:09","date_gmt":"2024-08-08T12:25:09","guid":{"rendered":"https:\/\/www.partyweb.cz\/?p=87"},"modified":"2024-08-08T12:25:26","modified_gmt":"2024-08-08T12:25:26","slug":"87","status":"publish","type":"post","link":"https:\/\/www.partyweb.cz\/?p=87","title":{"rendered":"Taycan se uk\u00e1zal m\u00e9di\u00edm na z\u00e1mku Mcely"},"content":{"rendered":"<div id=\"DivBodyText\"><strong>Porsche Inter Auto CZ svolalo novin\u00e1\u0159e a influencery do Chateau Mcely aby p\u0159edstavilo modernizovanou \u0159adu Taycan s elektrick\u00fdm pohonem. \u0160lo o dvoudenn\u00ed akci spojenou s testovac\u00edmi j\u00edzdami a doprovodn\u00fdm programem.<\/strong><\/div>\n<p><!--more--><\/p>\n<div>\u201eElektromobilita je st\u00e1le spojena s \u0159adou m\u00fdt\u016f a neopodstatn\u011bn\u00fdch p\u0159edsudk\u016f, ale nov\u00e9 Porsche Taycan dok\u00e1\u017ee vz\u00edt v\u0161em pochybova\u010d\u016fm v\u00edtr z plachet nepr\u016fst\u0159eln\u00fdmi argumenty: od j\u00edzdn\u00ed dynamiky p\u0159es efektivitu a\u017e po nekompromisn\u00ed ka\u017edodenn\u00ed vyu\u017eitelnost d\u00edky mimo\u0159\u00e1dn\u011b dlouh\u00e9mu dojezdu a rychl\u00e9mu nab\u00edjen\u00ed,\u201c \u0159\u00edk\u00e1 Jan Sedl\u00e1\u010dek, v\u00fdkonn\u00fd \u0159editel importu automobil\u016f Porsche ze spole\u010dnosti Porsche Inter Auto CZ.<\/div>\n<div>\n<figure id=\"attachment_6303\" class=\"wp-caption alignnone\" aria-describedby=\"caption-attachment-6303\"><img loading=\"lazy\" decoding=\"async\" class=\"size-medium wp-image-6303\" src=\"http:\/\/www.automakers.cz\/wp-content\/uploads\/2024\/08\/Porsche-Taycan-Sedlacek-900x600.jpg\" alt=\"\" width=\"900\" height=\"600\" \/><figcaption id=\"caption-attachment-6303\" class=\"wp-caption-text\">Jan Sedl\u00e1\u010dek<\/figcaption><\/figure>\n<\/div>\n<div>\u201eO v\u00fdjime\u010dn\u00fdch vlastnostech modernizovan\u00e9ho Taycanu se nyn\u00ed v r\u00e1mci dynamick\u00e9 prezentace na vlastn\u00ed k\u016f\u017ei p\u0159esv\u011bd\u010dili z\u00e1stupci n\u011bkter\u00fdch \u010desk\u00fdch m\u00e9di\u00ed,\u201c dodal Sedl\u00e1\u010dek.<\/div>\n<div>\n<p><img loading=\"lazy\" decoding=\"async\" class=\"size-medium wp-image-6305\" src=\"http:\/\/www.automakers.cz\/wp-content\/uploads\/2024\/08\/Porsche-Taycan-Mcely-nadvori-900x600.jpg\" alt=\"\" width=\"900\" height=\"600\" \/>\u010cesk\u00fd import\u00e9r voz\u016f Porsche p\u0159ivezl do Mcel na Nymbursku t\u0159i vozy Taycan Sport Saloon, jeden Taycan Sport Turismo a dva z\u00e1stupce obzvl\u00e1\u0161\u0165 ostr\u00e9 verze Taycan Turbo. Pozvan\u00ed host\u00e9 si mohli nov\u00fd Taycan d\u016fkladn\u011b vyzkou\u0161et na vyty\u010den\u00e9 trase se zast\u00e1vkou na Farm\u011b Ko\u0161\u00edk s ekologick\u00fdm chovem hospod\u00e1\u0159sk\u00fdch zv\u00ed\u0159at, v\u00fdrobou dom\u00e1c\u00edch s\u00fdr\u016f a nab\u00eddkou ovoce a zeleniny z vlastn\u00edch sad\u016f a zahrad.<\/p>\n<p><strong>T\u0159i karos\u00e1\u0159sk\u00e9 varianty, z nuly na 100 za 4,8 sekundy<br \/>\n<\/strong><\/p>\n<\/div>\n<div>\n<p>Z\u00e1kazn\u00edci maj\u00ed na v\u00fdb\u011br t\u0159i karos\u00e1\u0159sk\u00e9 varianty \u2013 sedan Sport Saloon, shooting brake Sport Turismo a outdoorov\u00e9 Cross Turismo. Ji\u017e z\u00e1kladn\u00ed Taycan nab\u00edz\u00ed nejvy\u0161\u0161\u00ed v\u00fdkon 408 k a zrychlen\u00ed z nuly na 100 km\/h za 4,8 sekundy.<\/p>\n<\/div>\n<div>\n<p>Na opa\u010dn\u00e9m konci v\u00fdkonov\u00e9ho spektra stoj\u00ed ultimativn\u00ed Taycan Turbo GT s nejvy\u0161\u0161\u00edm v\u00fdkonem 1034 k a schopnost\u00ed zvl\u00e1dnout klasick\u00fd sprint \u201ena sto\u201c za 2,2 sekundy. Nen\u00ed divu, \u017ee tato verze stanovila absolutn\u011b nejrychlej\u0161\u00ed \u010das na Severn\u00ed smy\u010dce N\u00fcrburgringu v kategorii \u010dty\u0159dve\u0159ov\u00fdch automobil\u016f. Nov\u00e9 Porsche Taycan p\u0159itom ujede na jedno nabit\u00ed a\u017e 678 km v kombinovan\u00e9m provozu a na rychlonab\u00edjec\u00ed stanici dok\u00e1\u017ee zv\u00fd\u0161it stav nabit\u00ed z 10 % na 80 % za 18 minut.<\/p>\n<p><img loading=\"lazy\" decoding=\"async\" class=\"alignnone size-medium wp-image-6307\" src=\"http:\/\/www.automakers.cz\/wp-content\/uploads\/2024\/08\/Porsche-Tacan-Mcely-zena-900x600.jpg\" alt=\"\" width=\"900\" height=\"600\" \/>Ceny nov\u00e9ho modelu Porsche Taycan za\u010d\u00ednaj\u00ed od 2 604 162 K\u010d. Z\u00e1kazn\u00edci mohou vyu\u017e\u00edt mimo\u0159\u00e1dn\u011b atraktivn\u00ed financov\u00e1n\u00ed s 0% \u00farokem a nab\u00edjec\u00ed kartou v hodnot\u011b 121 000 K\u010d.<\/p>\n<p><strong>Zdroj: Porsche IA<\/strong><\/p>\n<\/div>\n","protected":false},"excerpt":{"rendered":"<p>Porsche Inter Auto CZ svolalo novin\u00e1\u0159e a influencery do Chateau Mcely aby p\u0159edstavilo modernizovanou \u0159adu&#8230;<\/p>\n","protected":false},"author":1,"featured_media":88,"comment_status":"closed","ping_status":"closed","sticky":false,"template":"","format":"standard","meta":{"footnotes":""},"categories":[4,6],"tags":[],"class_list":["post-87","post","type-post","status-publish","format-standard","has-post-thumbnail","hentry","category-eventy","category-premiery"],"_links":{"self":[{"href":"https:\/\/www.partyweb.cz\/index.php?rest_route=\/wp\/v2\/posts\/87","targetHints":{"allow":["GET"]}}],"collection":[{"href":"https:\/\/www.partyweb.cz\/index.php?rest_route=\/wp\/v2\/posts"}],"about":[{"href":"https:\/\/www.partyweb.cz\/index.php?rest_route=\/wp\/v2\/types\/post"}],"author":[{"embeddable":true,"href":"https:\/\/www.partyweb.cz\/index.php?rest_route=\/wp\/v2\/users\/1"}],"replies":[{"embeddable":true,"href":"https:\/\/www.partyweb.cz\/index.php?rest_route=%2Fwp%2Fv2%2Fcomments&post=87"}],"version-history":[{"count":2,"href":"https:\/\/www.partyweb.cz\/index.php?rest_route=\/wp\/v2\/posts\/87\/revisions"}],"predecessor-version":[{"id":90,"href":"https:\/\/www.partyweb.cz\/index.php?rest_route=\/wp\/v2\/posts\/87\/revisions\/90"}],"wp:featuredmedia":[{"embeddable":true,"href":"https:\/\/www.partyweb.cz\/index.php?rest_route=\/wp\/v2\/media\/88"}],"wp:attachment":[{"href":"https:\/\/www.partyweb.cz\/index.php?rest_route=%2Fwp%2Fv2%2Fmedia&parent=87"}],"wp:term":[{"taxonomy":"category","embeddable":true,"href":"https:\/\/www.partyweb.cz\/index.php?rest_route=%2Fwp%2Fv2%2Fcategories&post=87"},{"taxonomy":"post_tag","embeddable":true,"href":"https:\/\/www.partyweb.cz\/index.php?rest_route=%2Fwp%2Fv2%2Ftags&post=87"}],"curies":[{"name":"wp","href":"https:\/\/api.w.org\/{rel}","templated":true}]}}