{"id":78,"date":"2024-07-15T11:25:46","date_gmt":"2024-07-15T11:25:46","guid":{"rendered":"https:\/\/www.partyweb.cz\/?p=78"},"modified":"2024-07-15T11:25:46","modified_gmt":"2024-07-15T11:25:46","slug":"letecka-show-uvedla-na-trh-renault-rafale-video","status":"publish","type":"post","link":"https:\/\/www.partyweb.cz\/?p=78","title":{"rendered":"Leteck\u00e1 show uvedla na trh Renault Rafale (Video)"},"content":{"rendered":"<p><strong>Mluv\u010d\u00ed Renaultu Jitka Skali\u010dkov\u00e1 uspo\u0159\u00e1dala prvn\u00ed novin\u00e1\u0159sk\u00e9 testovac\u00ed j\u00edzdy s vlajkovou lod\u00ed zna\u010dky, modelem Rafale. Premi\u00e9ru hostilo leteck\u00e9 muzeum Metod\u011bje Vlacha v Mlad\u00e9 Boleslavi. V akci bylo v\u00edce letadel ne\u017e aut a mohla konkurovat i pa\u0159\u00ed\u017esk\u00e9 airshow.<br \/>\n<\/strong><span id=\"more-5419\"><\/span><!--more--><\/p>\n<p>Krom\u011b prezentace produktu, testovac\u00edch j\u00edzd a dal\u0161\u00edho doprovodn\u00e9ho programu vid\u011bli novin\u00e1\u0159i v akci ambasadora Renaultu Luk\u00e1\u0161e Pa\u0159\u00edzka, reprezentanta \u010cesk\u00e9 republiky a v\u00edcemistra Evropy v leteck\u00e9 akrobacii a jeho letadlo EXTRA 330SC.<\/p>\n<p><img loading=\"lazy\" decoding=\"async\" class=\"alignnone size-medium wp-image-5425\" src=\"http:\/\/www.automakers.cz\/wp-content\/uploads\/2024\/07\/Renault-Rafale-letadlo-Parizek-orez-900x544.jpg\" sizes=\"auto, (max-width: 900px) 100vw, 900px\" srcset=\"https:\/\/www.automakers.cz\/wp-content\/uploads\/2024\/07\/Renault-Rafale-letadlo-Parizek-orez-900x544.jpg 900w, https:\/\/www.automakers.cz\/wp-content\/uploads\/2024\/07\/Renault-Rafale-letadlo-Parizek-orez-1024x618.jpg 1024w, https:\/\/www.automakers.cz\/wp-content\/uploads\/2024\/07\/Renault-Rafale-letadlo-Parizek-orez-768x464.jpg 768w, https:\/\/www.automakers.cz\/wp-content\/uploads\/2024\/07\/Renault-Rafale-letadlo-Parizek-orez-1536x928.jpg 1536w, https:\/\/www.automakers.cz\/wp-content\/uploads\/2024\/07\/Renault-Rafale-letadlo-Parizek-orez.jpg 1952w\" alt=\"\" width=\"900\" height=\"544\" \/>Po akrobatick\u00e9 uk\u00e1zce si odv\u00e1\u017en\u011bj\u0161\u00ed z\u00e1stupci m\u00e9di\u00ed mohli sami vyzkou\u0161et v\u00fd\u0161kovou z\u00e1vra\u0165 v letounu Cessna, prohl\u00e9dnout si historick\u00fdch replik v muzeu, pocvi\u010dit na leteck\u00e9m simul\u00e1toru nebo se vrhnout po hlav\u011b na nouzovou skluzavku dopravn\u00edho stroje. <strong><br \/>\n<\/strong><\/p>\n<p><iframe loading=\"lazy\" id=\"_ytid_47305\" class=\"__youtube_prefs__  epyt-is-override  no-lazyload\" title=\"Renault Rafale n\u00e1rodn\u00ed prezentace\" src=\"https:\/\/www.youtube.com\/embed\/WiQecWrb18E?enablejsapi=1&amp;autoplay=0&amp;cc_load_policy=0&amp;cc_lang_pref=&amp;iv_load_policy=1&amp;loop=0&amp;modestbranding=0&amp;rel=1&amp;fs=1&amp;playsinline=0&amp;autohide=2&amp;theme=dark&amp;color=red&amp;controls=1&amp;\" width=\"640\" height=\"360\" allowfullscreen=\"allowfullscreen\" data-origwidth=\"640\" data-origheight=\"360\" data-no-lazy=\"1\" data-skipgform_ajax_framebjll=\"\" data-mce-fragment=\"1\"><\/iframe><\/p>\n<p>N\u00e1zev Rafale odkazuje na francouzskou v\u00fdrobu letadel a i samotn\u00e1 tiskovka se konala p\u0159\u00edmo p\u0159ed replikou historick\u00e9ho letounu Caudron. Tuto zna\u010dku koupila automobilka Renault v roce 1933 a o rok pozd\u011bji dok\u00e1zala s jej\u00edm v\u00fdrobkem p\u0159ekonat tehdej\u0161\u00ed rychlostn\u00ed rekord.<\/p>\n<p><img loading=\"lazy\" decoding=\"async\" class=\"alignnone size-medium wp-image-5427\" src=\"http:\/\/www.automakers.cz\/wp-content\/uploads\/2024\/07\/Renault-Rafale-Skalickovi-vojak-900x675.jpg\" sizes=\"auto, (max-width: 900px) 100vw, 900px\" srcset=\"https:\/\/www.automakers.cz\/wp-content\/uploads\/2024\/07\/Renault-Rafale-Skalickovi-vojak-900x675.jpg 900w, https:\/\/www.automakers.cz\/wp-content\/uploads\/2024\/07\/Renault-Rafale-Skalickovi-vojak-1024x768.jpg 1024w, https:\/\/www.automakers.cz\/wp-content\/uploads\/2024\/07\/Renault-Rafale-Skalickovi-vojak-768x576.jpg 768w, https:\/\/www.automakers.cz\/wp-content\/uploads\/2024\/07\/Renault-Rafale-Skalickovi-vojak-1536x1152.jpg 1536w, https:\/\/www.automakers.cz\/wp-content\/uploads\/2024\/07\/Renault-Rafale-Skalickovi-vojak.jpg 2040w\" alt=\"\" width=\"900\" height=\"675\" \/>\u201eMy chceme s na\u0161\u00edm Rafalem \u00fato\u010dit na segment D a z\u00edskat v\u011bt\u0161\u00ed procento prodej\u016f v oblasti komfortn\u00edch SUV.\u00a0 Nab\u00eddka startuje na 999 000 K\u010d s DPH za v\u00fdbavov\u00fd stupe\u0148 techno a 1 099 000 K\u010d s DPH za v\u00fdbavov\u00fd stupe\u0148 esprit Alpine,\u201c p\u0159ipomn\u011bl produktov\u00fd mana\u017eer importu Tom\u00e1\u0161 B\u011bloch s t\u00edm, \u017ee Rafale cenov\u011b p\u016fjde pod konkuren\u010dn\u00ed \u0160kodu Kodiaq, Audi Q5 nebo nap\u0159\u00edklad Lexus NX.<\/p>\n<p><img loading=\"lazy\" decoding=\"async\" class=\"alignnone size-medium wp-image-5428\" src=\"http:\/\/www.automakers.cz\/wp-content\/uploads\/2024\/07\/Renault-TK-Rafale-Skalickova-dustojnik-900x675.jpg\" sizes=\"auto, (max-width: 900px) 100vw, 900px\" srcset=\"https:\/\/www.automakers.cz\/wp-content\/uploads\/2024\/07\/Renault-TK-Rafale-Skalickova-dustojnik-900x675.jpg 900w, https:\/\/www.automakers.cz\/wp-content\/uploads\/2024\/07\/Renault-TK-Rafale-Skalickova-dustojnik-1024x768.jpg 1024w, https:\/\/www.automakers.cz\/wp-content\/uploads\/2024\/07\/Renault-TK-Rafale-Skalickova-dustojnik-768x576.jpg 768w, https:\/\/www.automakers.cz\/wp-content\/uploads\/2024\/07\/Renault-TK-Rafale-Skalickova-dustojnik-1536x1152.jpg 1536w, https:\/\/www.automakers.cz\/wp-content\/uploads\/2024\/07\/Renault-TK-Rafale-Skalickova-dustojnik.jpg 2040w\" alt=\"\" width=\"900\" height=\"675\" \/>Objedn\u00e1vky na nov\u00e9 SUV kup\u00e9 Rafale se otev\u0159ely u\u017e na ja\u0159e, nyn\u00ed naj\u00ed\u017ed\u011bj\u00ed k dealer\u016fm prvn\u00ed vozy. <strong><br \/>\n<\/strong><\/p>\n<p><img loading=\"lazy\" decoding=\"async\" class=\"alignnone size-medium wp-image-5430\" src=\"http:\/\/www.automakers.cz\/wp-content\/uploads\/2024\/07\/Renault-Muzeum-Polikarpov-Hyan-900x675.jpg\" sizes=\"auto, (max-width: 900px) 100vw, 900px\" srcset=\"https:\/\/www.automakers.cz\/wp-content\/uploads\/2024\/07\/Renault-Muzeum-Polikarpov-Hyan-900x675.jpg 900w, https:\/\/www.automakers.cz\/wp-content\/uploads\/2024\/07\/Renault-Muzeum-Polikarpov-Hyan-1024x768.jpg 1024w, https:\/\/www.automakers.cz\/wp-content\/uploads\/2024\/07\/Renault-Muzeum-Polikarpov-Hyan-768x576.jpg 768w, https:\/\/www.automakers.cz\/wp-content\/uploads\/2024\/07\/Renault-Muzeum-Polikarpov-Hyan-1536x1152.jpg 1536w, https:\/\/www.automakers.cz\/wp-content\/uploads\/2024\/07\/Renault-Muzeum-Polikarpov-Hyan.jpg 2040w\" alt=\"\" width=\"900\" height=\"675\" \/>Rafale E-Tech full hybrid je dostupn\u00fd ve dvou v\u00fdbavov\u00fdch stupn\u00edch:\u00a0 techno a esprit Alpine s efektivn\u00ed hybridn\u00ed pohonnou jednotkou o v\u00fdkonu 200 k (spot\u0159eba 4,7 l\/100 km, emise 105 g CO2\/km). Do konce roku 2024 Renault p\u0159edstav\u00ed tak\u00e9 v\u00fdkonnou motorizaci E-Tech 4\u00d74 300 k.<\/p>\n<p><strong>Erich Handl, Mlad\u00e1 Boleslav (z paluby hornoplo\u0161n\u00edku Cessna)<br \/>\n<\/strong><\/p>\n<p><img loading=\"lazy\" decoding=\"async\" class=\"alignnone size-medium wp-image-5432\" src=\"http:\/\/www.automakers.cz\/wp-content\/uploads\/2024\/07\/Handl-Cessna-Boleslav-900x675.jpg\" sizes=\"auto, (max-width: 900px) 100vw, 900px\" srcset=\"https:\/\/www.automakers.cz\/wp-content\/uploads\/2024\/07\/Handl-Cessna-Boleslav-900x675.jpg 900w, https:\/\/www.automakers.cz\/wp-content\/uploads\/2024\/07\/Handl-Cessna-Boleslav-1024x768.jpg 1024w, https:\/\/www.automakers.cz\/wp-content\/uploads\/2024\/07\/Handl-Cessna-Boleslav-768x576.jpg 768w, https:\/\/www.automakers.cz\/wp-content\/uploads\/2024\/07\/Handl-Cessna-Boleslav-1536x1152.jpg 1536w, https:\/\/www.automakers.cz\/wp-content\/uploads\/2024\/07\/Handl-Cessna-Boleslav.jpg 2040w\" alt=\"\" width=\"900\" height=\"675\" \/><\/p>\n<div class=\"heateor_sss_sharing_container heateor_sss_vertical_sharing heateor_sss_bottom_sharing\" data-heateor-sss-href=\"https:\/\/www.automakers.cz\/?p=5419\">\n<div class=\"heateor_sss_sharing_ul\"><\/div>\n<\/div>\n<div class=\"heateor_sss_sharing_container heateor_sss_vertical_sharing heateor_sss_bottom_sharing\" data-heateor-sss-href=\"https:\/\/www.automakers.cz\/?p=5419\">\n<div class=\"heateorSssClear\"><\/div>\n<div class=\"heateorSssSharingArrow heateorSssPullOut\" title=\"Hide\"><\/div>\n<\/div>\n<p><span class=\"edit-link\"><i class=\"fas fa-edit\"><\/i><a class=\"post-edit-link\" href=\"https:\/\/www.automakers.cz\/wp-admin\/post.php?post=5419&amp;action=edit\">Edit <\/a><\/span><\/p>\n","protected":false},"excerpt":{"rendered":"<p>Mluv\u010d\u00ed Renaultu Jitka Skali\u010dkov\u00e1 uspo\u0159\u00e1dala prvn\u00ed novin\u00e1\u0159sk\u00e9 testovac\u00ed j\u00edzdy s vlajkovou lod\u00ed zna\u010dky, modelem Rafale&#8230;.<\/p>\n","protected":false},"author":1,"featured_media":79,"comment_status":"closed","ping_status":"closed","sticky":false,"template":"","format":"standard","meta":{"footnotes":""},"categories":[4,6],"tags":[],"class_list":["post-78","post","type-post","status-publish","format-standard","has-post-thumbnail","hentry","category-eventy","category-premiery"],"_links":{"self":[{"href":"https:\/\/www.partyweb.cz\/index.php?rest_route=\/wp\/v2\/posts\/78","targetHints":{"allow":["GET"]}}],"collection":[{"href":"https:\/\/www.partyweb.cz\/index.php?rest_route=\/wp\/v2\/posts"}],"about":[{"href":"https:\/\/www.partyweb.cz\/index.php?rest_route=\/wp\/v2\/types\/post"}],"author":[{"embeddable":true,"href":"https:\/\/www.partyweb.cz\/index.php?rest_route=\/wp\/v2\/users\/1"}],"replies":[{"embeddable":true,"href":"https:\/\/www.partyweb.cz\/index.php?rest_route=%2Fwp%2Fv2%2Fcomments&post=78"}],"version-history":[{"count":1,"href":"https:\/\/www.partyweb.cz\/index.php?rest_route=\/wp\/v2\/posts\/78\/revisions"}],"predecessor-version":[{"id":80,"href":"https:\/\/www.partyweb.cz\/index.php?rest_route=\/wp\/v2\/posts\/78\/revisions\/80"}],"wp:featuredmedia":[{"embeddable":true,"href":"https:\/\/www.partyweb.cz\/index.php?rest_route=\/wp\/v2\/media\/79"}],"wp:attachment":[{"href":"https:\/\/www.partyweb.cz\/index.php?rest_route=%2Fwp%2Fv2%2Fmedia&parent=78"}],"wp:term":[{"taxonomy":"category","embeddable":true,"href":"https:\/\/www.partyweb.cz\/index.php?rest_route=%2Fwp%2Fv2%2Fcategories&post=78"},{"taxonomy":"post_tag","embeddable":true,"href":"https:\/\/www.partyweb.cz\/index.php?rest_route=%2Fwp%2Fv2%2Ftags&post=78"}],"curies":[{"name":"wp","href":"https:\/\/api.w.org\/{rel}","templated":true}]}}