{"id":572,"date":"2026-04-06T22:52:17","date_gmt":"2026-04-06T22:52:17","guid":{"rendered":"https:\/\/www.partyweb.cz\/?p=572"},"modified":"2026-04-06T22:52:17","modified_gmt":"2026-04-06T22:52:17","slug":"znacka-alpine-otevrela-objednavky-na-alpine-a-390-electric","status":"publish","type":"post","link":"https:\/\/www.partyweb.cz\/?p=572","title":{"rendered":"Zna\u010dka Alpine otev\u0159ela objedn\u00e1vky na Alpine A 390 Electric"},"content":{"rendered":"<p><span style=\"font-family: Verdana, sans-serif\"><span style=\"font-size: large\">Zna\u010dka Alpine u\u017e v\u00edce ne\u017e sedmdes\u00e1t let zosob\u0148uje francouzsk\u00fd sportovn\u00ed duch, z\u00e1vodn\u00ed odvahu a fascinaci z \u0159\u00edzen\u00ed. Historie zna\u010dky je pln\u00e1 lehk\u00fdch, agiln\u00edch, a p\u0159edev\u0161\u00edm ikonick\u00fdch model\u016f, kter\u00e9 se proslavily nejen na silnic\u00edch, ale i na trat\u00edch legend\u00e1rn\u00edch z\u00e1vod\u016f.<\/p>\n<p>Alpine A390 Electric je v\u00edc ne\u017e nov\u00fd model \u2013 je to jasn\u00fd sign\u00e1l, kam Alpine sm\u011b\u0159uje. Tento sportovn\u00ed fastback p\u0159in\u00e1\u0161\u00ed do elektrick\u00e9ho v\u011bku p\u0159esn\u011b to, co d\u011bl\u00e1 Alpine Alpine u\u017e sedmdes\u00e1t let: \u010distou radost z j\u00edzdy, okam\u017eitou agilitu a opravdov\u00fd sportovn\u00ed charakter, kter\u00fd se neztrat\u00ed v \u017e\u00e1dn\u00e9 zat\u00e1\u010dce. <\/span><\/span><\/p>\n<p><span style=\"font-family: Verdana, sans-serif\"><span style=\"font-size: large\"><b>Sportovn\u00ed v\u016fz v obleku<\/b><\/span><\/span><\/p>\n<p><span style=\"font-family: Verdana, sans-serif\"><span style=\"font-size: large\">Model A390 navazuje na legend\u00e1rn\u00ed model A110, ale roz\u0161i\u0159uje jeho sv\u011bt o to, co z\u00e1kazn\u00edci v\u00a0dne\u0161n\u00ed dob\u011b o\u010dek\u00e1vaj\u00ed: komfort, ka\u017edodenn\u00ed pou\u017eitelnost a prostor pro p\u011bt cestuj\u00edc\u00edch \u2013 a to v\u0161e bez jedin\u00e9 ztr\u00e1ty DNA zna\u010dky Alpine. Je to doslova \u201esportovn\u00ed v\u016fz v obleku\u201c: elegantn\u00ed, technicky vysp\u011bl\u00fd a sou\u010dasn\u011b nekompromisn\u011b v\u00fdkonn\u00fd. Kombinuje elektrickou budoucnost s nad\u0161en\u00edm, emocemi a francouzsk\u00fdm \u0161armem, d\u00edky nim\u017e Alpine v\u017edy pat\u0159ila k nejrespektovan\u011bj\u0161\u00edm sportovn\u00edm zna\u010dk\u00e1m. <\/span><\/span><\/p>\n<p><span style=\"font-family: Verdana, sans-serif\"><span style=\"font-size: large\">Na tuto filozofii navazuje zcela nov\u00fd model zna\u010dky Alpine A390 Electric, druh\u00fd \u010dlen z projektu gar\u00e1\u017ee sn\u016f \u201eDream Garage\u201c. Model A390 je navr\u017een jako sportovn\u00ed fastback, kter\u00fd propojuje \u010dist\u00e9 pot\u011b\u0161en\u00ed z j\u00edzdy s ka\u017edodenn\u00ed pou\u017eitelnost\u00ed. Vyu\u017e\u00edv\u00e1 t\u0159i elektromotory \u2013 jeden vp\u0159edu a dva vzadu \u2013 a st\u00e1v\u00e1 se tak prvn\u00edm modelem zna\u010dky Alpine s pohonem v\u0161ech kol. D\u00edky tomu nab\u00edz\u00ed mimo\u0159\u00e1dnou trakci i agilitu, kterou v tomto segmentu vozidel je<br \/>\nvelice t\u011b\u017ek\u00e9 naj\u00edt.\u00a0<\/span><\/span><\/p>\n<p><span style=\"font-family: Verdana, sans-serif\"><span style=\"font-size: large\"><b>Karoserie v \u0161esti barv\u00e1ch<\/b><br \/>\nZvenku A390 okam\u017eit\u011b zaujme sv\u00fdmi plynul\u00fdmi liniemi, zadn\u00edm oknem ve tvaru p\u0159ilby a sv\u011bteln\u00fdm podpisem \u201eCosmic Dust\u201c. Ka\u017ed\u00fd detail byl navr\u017een s ohledem na aerodynamiku \u2013 od tvaru kapoty po zadn\u00ed difuzor inspirovan\u00fd prototypy z\u00e1vodn\u00edch speci\u00e1l\u016f jezd\u00edc\u00ed v Le Mans. K dispozici je \u0161est barev karoserie a a\u017e 21disky kol Snowflake, d\u00edky nim\u017e m\u00e1 A390 velmi v\u00fdrazn\u00fd a sebev\u011bdom\u00fd vzhled.<\/span><\/span><\/p>\n<p><span style=\"font-family: Verdana, sans-serif\"><span style=\"font-size: large\"><b>Sportovn\u00ed i komfortn\u00ed interi\u00e9r<\/b><\/span><\/span><\/p>\n<p><span style=\"font-family: Verdana, sans-serif\"><span style=\"font-size: large\">Interi\u00e9r je skute\u010dn\u00fdm sportovn\u00edm kokpitem, kter\u00fd p\u0159itom nab\u00edz\u00ed komfort i pro ka\u017edodenn\u00ed pou\u017e\u00edv\u00e1n\u00ed. \u0158idi\u010de obklopuj\u00ed dva displeje s<br \/>\ngrafikou typickou pro Alpine, volant z modr\u00e9 k\u016f\u017ee Nappa s<br \/>\ntla\u010d\u00edtky RCH a OV inspirovan\u00fdmi Formul\u00ed 1 a v\u00fdborn\u011b tvarovan\u00e1 sportovn\u00ed sedadla Alpine Sport Seat. Celkov\u00e1 kvalita materi\u00e1l\u016f,<br \/>\nosv\u011btlen\u00ed i detaily odkazuj\u00edc\u00ed na model A110 vytv\u00e1\u0159ej\u00ed pocit<br \/>\nmodern\u00edho, technologick\u00e9ho a z\u00e1rove\u0148 nad\u0161en\u00edm nabit\u00e9ho interi\u00e9ru. Zavazadlov\u00fd prostor o objemu 532 litr\u016f pak jen potvrzuje, \u017ee jde o sportovn\u00ed v\u016fz vhodn\u00fd i pro ka\u017ed\u00fd den.<\/span><\/span><\/p>\n<p><span style=\"font-family: Verdana, sans-serif\"><span style=\"font-size: large\"><b>Alpine Active Torque Vectoring<\/b><\/span><\/span><\/p>\n<p><span style=\"font-family: Verdana, sans-serif\"><span style=\"font-size: large\">Kl\u00ed\u010dov\u00fdm prvkem je syst\u00e9m Alpine Active Torque Vectoring, jen\u017e dok\u00e1\u017ee p\u0159en\u00e1\u0161et v\u00fdkon p\u0159esn\u011b tam, kde je pot\u0159eba, a vytv\u00e1\u0159\u00ed j\u00edzdn\u00ed projev s lehkost\u00ed a p\u0159esnost\u00ed, kter\u00e1 p\u0159ipom\u00edn\u00e1 ikonickou A110, p\u0159esto\u017ee jde o v\u011bt\u0161\u00ed a prakti\u010dt\u011bj\u0161\u00ed v\u016fz. Design modelu A390 je jasn\u00fdm odkazem na z\u00e1vodn\u00ed charakter zna\u010dky. Silueta sportovn\u00edho<br \/>\nfastbacku navazuje na tvary A110, zat\u00edmco modern\u00ed sv\u011bteln\u00e1 grafika Cosmic Dust a funk\u010dn\u00ed aerodynamick\u00e9 prvky podtrhuj\u00ed technickou vysp\u011blost vozu. Hrd\u00fd francouzsk\u00fd p\u016fvod je patrn\u00fd i uvnit\u0159: kabina s modr\u00fdmi akcenty, precizn\u00edm \u010daloun\u011bn\u00edm a sportovn\u00edm volantem inspirovan\u00fdm Formul\u00ed 1 vytv\u00e1\u0159\u00ed dojem autentick\u00e9ho kokpitu.<\/p>\n<p>To nejd\u016fle\u017eit\u011bj\u0161\u00ed u Alpine ale v\u017edy bylo pod kapotou. A390 Electric vyu\u017e\u00edv\u00e1 platformu AmpR Medium upravenou do extr\u00e9mu tak, aby nab\u00eddla agilitu a lehkost zn\u00e1mou z modelu A110. T\u0159i elektromotory zaji\u0161\u0165uj\u00ed pohon v\u0161ech kol a umo\u017e\u0148uj\u00ed pou\u017eit\u00ed patentovan\u00e9ho<br \/>\nsyst\u00e9mu Alpine Active Torque Vectoring, kter\u00fd aktivn\u011b rozd\u011bluje to\u010div\u00fd moment mezi zadn\u00ed kola a p\u0159in\u00e1\u0161\u00ed mimo\u0159\u00e1dnou p\u0159esnost v zat\u00e1\u010dk\u00e1ch. V\u00fdsledkem je v\u016fz, kter\u00fd p\u016fsob\u00ed lehce, hrav\u011b a okam\u017eit\u011b reaguje na pokyny \u0159idi\u010de \u2013 a\u0165 u\u017e jde o m\u011bstskou j\u00edzdu nebo rychl\u00e9<br \/>\nzat\u00e1\u010dky.<\/span><\/span><\/p>\n<p><span style=\"font-family: Verdana, sans-serif\"><span style=\"font-size: large\"><b>Dv\u011b v\u00fdkonnostn\u00ed verze<\/b><\/span><\/span><\/p>\n<p><span style=\"font-family: Verdana, sans-serif\"><span style=\"font-size: large\">Model A390 p\u0159ich\u00e1z\u00ed ve dvou v\u00fdkonnostn\u00edch verz\u00edch. Varianta GT nab\u00edz\u00ed 400 k a akceleraci 0\u2013100 km\/h za 4,8 s, zat\u00edmco verze GTS posouv\u00e1 schopnosti a\u017e na 470 k, 808 Nm a zrychlen\u00ed 0\u2013100 km\/h za 3,9 s. Vysokov\u00fdkonn\u00e1 baterie s kapacitou 89 kWh byla navr\u017eena<br \/>\nv\u00fdhradn\u011b pro Alpine a umo\u017e\u0148uje nejen opakovan\u00e9 pod\u00e1v\u00e1n\u00ed vysok\u00e9ho v\u00fdkonu, ale tak\u00e9 nab\u00edz\u00ed dojezd a\u017e 555 km dle WLTP v z\u00e1vislosti na v\u00fdbav\u011b. Rychl\u00e9 nab\u00edjen\u00ed a\u017e 190 kW zkracuje zast\u00e1vky na minimum a navigace Google Maps automaticky pl\u00e1nuje trasu s<br \/>\nnejoptim\u00e1ln\u011bj\u0161\u00edm nab\u00edjen\u00edm.<\/span><\/span><\/p>\n<p><span style=\"font-family: Verdana, sans-serif\"><span style=\"font-size: large\">Alpine A390 je navr\u017eena a vyr\u00e1b\u011bna ve Francii \u2013 od tov\u00e1rny v Dieppe, p\u0159es motory z Cl\u00e9onu a\u017e po baterie Verkor. Je to v\u016fz, kter\u00fd spojuje francouzsk\u00e9 knowhow, \u0161pi\u010dkovou technologii a v\u00e1\u0161e\u0148 pro sportovn\u00ed j\u00edzdu. Otev\u00edr\u00e1 zna\u010dce dve\u0159e k nov\u00fdm z\u00e1kazn\u00edk\u016fm a posiluje jej\u00ed pozici v \u00e9\u0159e elektrifikace.<\/span><\/span><\/p>\n","protected":false},"excerpt":{"rendered":"<p>Zna\u010dka Alpine u\u017e v\u00edce ne\u017e sedmdes\u00e1t let zosob\u0148uje francouzsk\u00fd sportovn\u00ed duch, z\u00e1vodn\u00ed odvahu a fascinaci&#8230;<\/p>\n","protected":false},"author":3,"featured_media":575,"comment_status":"closed","ping_status":"closed","sticky":false,"template":"","format":"standard","meta":{"footnotes":""},"categories":[1],"tags":[],"class_list":["post-572","post","type-post","status-publish","format-standard","has-post-thumbnail","hentry","category-uncategorized"],"_links":{"self":[{"href":"https:\/\/www.partyweb.cz\/index.php?rest_route=\/wp\/v2\/posts\/572","targetHints":{"allow":["GET"]}}],"collection":[{"href":"https:\/\/www.partyweb.cz\/index.php?rest_route=\/wp\/v2\/posts"}],"about":[{"href":"https:\/\/www.partyweb.cz\/index.php?rest_route=\/wp\/v2\/types\/post"}],"author":[{"embeddable":true,"href":"https:\/\/www.partyweb.cz\/index.php?rest_route=\/wp\/v2\/users\/3"}],"replies":[{"embeddable":true,"href":"https:\/\/www.partyweb.cz\/index.php?rest_route=%2Fwp%2Fv2%2Fcomments&post=572"}],"version-history":[{"count":1,"href":"https:\/\/www.partyweb.cz\/index.php?rest_route=\/wp\/v2\/posts\/572\/revisions"}],"predecessor-version":[{"id":576,"href":"https:\/\/www.partyweb.cz\/index.php?rest_route=\/wp\/v2\/posts\/572\/revisions\/576"}],"wp:featuredmedia":[{"embeddable":true,"href":"https:\/\/www.partyweb.cz\/index.php?rest_route=\/wp\/v2\/media\/575"}],"wp:attachment":[{"href":"https:\/\/www.partyweb.cz\/index.php?rest_route=%2Fwp%2Fv2%2Fmedia&parent=572"}],"wp:term":[{"taxonomy":"category","embeddable":true,"href":"https:\/\/www.partyweb.cz\/index.php?rest_route=%2Fwp%2Fv2%2Fcategories&post=572"},{"taxonomy":"post_tag","embeddable":true,"href":"https:\/\/www.partyweb.cz\/index.php?rest_route=%2Fwp%2Fv2%2Ftags&post=572"}],"curies":[{"name":"wp","href":"https:\/\/api.w.org\/{rel}","templated":true}]}}