{"id":559,"date":"2026-03-26T22:43:32","date_gmt":"2026-03-26T22:43:32","guid":{"rendered":"https:\/\/www.partyweb.cz\/?p=559"},"modified":"2026-03-26T22:43:32","modified_gmt":"2026-03-26T22:43:32","slug":"skoda-ma-nejvetsi-koncernovou-tovarnu-na-baterie","status":"publish","type":"post","link":"https:\/\/www.partyweb.cz\/?p=559","title":{"rendered":"\u0160koda m\u00e1 nejv\u011bt\u0161\u00ed koncernovou tov\u00e1rnu na baterie"},"content":{"rendered":"<p class=\"western\" align=\"left\"><span style=\"font-family: Verdana, sans-serif\"><span style=\"font-size: large\">Automobilka \u0160koda Auto otev\u0159ela ve sv\u00e9m hlavn\u00edm z\u00e1vod\u011b v Mlad\u00e9 Boleslavi novou halu na mont\u00e1\u017e bateriov\u00fdch syst\u00e9m\u016f pro elektromobily. Jde o investici za 205 milion\u016f eur, co\u017e je v aktu\u00e1ln\u00edm p\u0159epo\u010dtu 4,97 miliardy korun. Podle firmy se t\u00edm stala nejv\u011bt\u0161\u00edm v\u00fdrobcem bateriov\u00fdch syst\u00e9m\u016f v koncernu Volkswagen, ro\u010dn\u011b jich vyrob\u00ed a\u017e 335 tis\u00edc.<\/span><\/span><\/p>\n<p class=\"western\" align=\"left\"><span style=\"font-family: Verdana, sans-serif\"><span style=\"font-size: large\">Novou halu M8 o rozloze 55 tis\u00edc metr\u016f \u010dtvere\u010dn\u00edch za d\u00e1lnic\u00ed D10, tedy mimo hlavn\u00ed are\u00e1l, za\u010dala automobilka budovat v srpnu 2024. Stavebn\u00ed pr\u00e1ce trvaly \u0161est m\u011bs\u00edc\u016f, zhruba rok se instalovaly technologie. Prvn\u00ed baterie byly hotov\u00e9 v srpnu lo\u0148sk\u00e9ho roku.<\/span><\/span><\/p>\n<p class=\"western\" align=\"left\"><span style=\"font-family: Verdana, sans-serif\"><span style=\"font-size: large\">V\u00fdrobn\u00ed linka umo\u017e\u0148uje mont\u00e1\u017e jednoho bateriov\u00e9ho syst\u00e9mu za minutu, co\u017e je v\u00edc ne\u017e 1100 syst\u00e9m\u016f denn\u011b. Automatizace v\u00fdroby dosahuje zhruba 84 procent, v provozu je 131 pr\u016fmyslov\u00fdch robot\u016f. V hale bude pracovat \u0161est set zam\u011bstnanc\u016f. V\u00fdroba je v n\u00e1b\u011bhu, zat\u00edm v jednosm\u011bnn\u00e9m re\u017eimu, do konce roku byl m\u011bl b\u00fdt t\u0159\u00edsm\u011bnn\u00fd. Bateriov\u00e9 syst\u00e9my budou prim\u00e1rn\u011b pou\u017eit\u00e9 pro auta, kter\u00e1 se vyr\u00e1b\u00ed v Mlad\u00e9 Boleslavi, ale v i dal\u0161\u00edch z\u00e1vodech koncernu. <\/span><\/span><\/p>\n<p class=\"western\" align=\"left\"><span style=\"font-family: Verdana, sans-serif\"><span style=\"font-size: large\">Slavnostn\u00edho otev\u0159en\u00ed se z\u00fa\u010dastnil p\u0159edseda \u010desk\u00e9 vl\u00e1dy Andrej Babi\u0161, ministr pr\u016fmyslu a obchodu Karel Havl\u00ed\u010dek, p\u0159edseda dozor\u010d\u00ed rady \u0160koda Auto, \u010dlen p\u0159edstavenstva koncernu Volkswagen a p\u0159edseda p\u0159edstavenstva zna\u010dky Volkswagen Thomas Sch\u00e4fer. p\u0159edseda p\u0159edstavenstva spole\u010dnosti \u0160koda Auto Klaus Zellmer, \u010dlen p\u0159edstavenstva spole\u010dnosti \u0160koda Auto pro V\u00fdrobu a logistiku Andreas Dick a p\u0159edseda podnikov\u00e9 rady Odbor\u016f KOVO Jaroslav Pov\u0161\u00edk.<\/span><\/span><\/p>\n<p class=\"western\" align=\"left\"><span style=\"font-family: Verdana, sans-serif\"><span style=\"font-size: large\"><b>P\u0159\u00edsp\u011bvek k udr\u017eiteln\u00e9 budoucnosti<\/b><\/span><\/span><\/p>\n<p class=\"western\" align=\"left\"><span style=\"font-family: Verdana, sans-serif\"><span style=\"font-size: large\">Thomas Sch\u00e4fer p\u0159i t\u00e9to p\u0159\u00edle\u017eitosti uvedl, \u017ee d\u00edky investici se \u0160koda Auto st\u00e1v\u00e1 nejv\u011bt\u0161\u00edm v\u00fdrobcem bateriov\u00fdch syst\u00e9m\u016f pro elektromobily v koncernu Volkswagen a \u00fast\u0159edn\u00edm pil\u00ed\u0159em strategie elektrifikace. \u201eZ\u00e1vod v Mlad\u00e9 Boleslavi funguje ve skute\u010dn\u011b pr\u016fmyslov\u00e9m m\u011b\u0159\u00edtku a posiluje evropsk\u00fd hodnotov\u00fd \u0159et\u011bzec v oblasti bateri\u00ed. Odborn\u00e9 znalosti, efektivita a jedine\u010dn\u00fd duch \u010din\u00ed ze spole\u010dnosti \u0160koda Auto kl\u00ed\u010dov\u00fd zdroj transformace cel\u00e9 skupiny objemov\u00fdch zna\u010dek Brand Group Core,\u201c zd\u016fraznil Sch\u00e4fer.<\/span><\/span><\/p>\n<p class=\"western\" align=\"left\"><span style=\"font-family: Verdana, sans-serif\"><span style=\"font-size: large\">Doplnil ho Klaus Zellmer, podle n\u011bho\u017e se jedn\u00e1 o \u201ev\u00fdznamn\u00fd miln\u00edk pro spole\u010dnost \u0160koda Auto a n\u00e1\u0161 z\u00e1vazek k dekarbonizaci cel\u00e9ho hodnotov\u00e9ho \u0159et\u011bzce. Sni\u017eov\u00e1n\u00ed emis\u00ed jde daleko za hranice samotn\u00e9ho vozidla \u2013 zahrnuje tak\u00e9 z\u00edsk\u00e1v\u00e1n\u00ed a zpracov\u00e1n\u00ed zdroj\u016f, v\u00fdrobu a spot\u0159ebu energie. Otev\u0159en\u00edm nov\u00e9 mont\u00e1\u017en\u00ed linky pro bateriov\u00e9 syst\u00e9my lokalizujeme v\u00fdrobu bateri\u00ed ve velk\u00e9m m\u011b\u0159\u00edtku, posilujeme odoln\u011bj\u0161\u00ed a konkurenceschopn\u011bj\u0161\u00ed evropsk\u00fd hodnotov\u00fd \u0159et\u011bzec a d\u00e1le zp\u0159\u00edstup\u0148ujeme elektromobilitu. Budov\u00e1n\u00edm odborn\u00fdch znalost\u00ed v oblasti velkoobjemov\u00e9 v\u00fdroby bateri\u00ed a urychlov\u00e1n\u00edm elektrifikace p\u0159eb\u00edr\u00e1me dal\u0161\u00ed odpov\u011bdnost a p\u0159isp\u00edv\u00e1me k udr\u017eiteln\u00e9 budoucnosti pro spole\u010dnost \u0160koda Auto, \u010ceskou republiku a celou Evropu.\u201c<\/span><\/span><\/p>\n<p class=\"western\" align=\"left\"><span style=\"font-family: Verdana, sans-serif\"><span style=\"font-size: large\">\u0160kodovka zdvojn\u00e1sobuje nab\u00eddku elektromobil\u016f \u0160koda a p\u0159ech\u00e1z\u00ed na ekologi\u010dt\u011bj\u0161\u00ed energii, v\u010detn\u011b p\u0159estavby tepl\u00e1rny z uhl\u00ed na biomasu, co\u017e od roku 2027 sn\u00ed\u017e\u00ed emise o p\u0159ibli\u017en\u011b 274 000 tun CO\u2082. Budov\u00e1n\u00edm odborn\u00fdch znalost\u00ed v oblasti velkoobjemov\u00e9 v\u00fdroby bateri\u00ed a urychlov\u00e1n\u00edm elektrifikace p\u0159eb\u00edr\u00e1 dal\u0161\u00ed odpov\u011bdnost a p\u0159isp\u00edv\u00e1me k udr\u017eiteln\u00e9 budoucnosti pro spole\u010dnost \u0160koda Auto, \u010ceskou republiku a celou Evropu.\u201c<\/span><\/span><\/p>\n","protected":false},"excerpt":{"rendered":"<p>Automobilka \u0160koda Auto otev\u0159ela ve sv\u00e9m hlavn\u00edm z\u00e1vod\u011b v Mlad\u00e9 Boleslavi novou halu na mont\u00e1\u017e&#8230;<\/p>\n","protected":false},"author":3,"featured_media":560,"comment_status":"closed","ping_status":"closed","sticky":false,"template":"","format":"standard","meta":{"footnotes":""},"categories":[1],"tags":[],"class_list":["post-559","post","type-post","status-publish","format-standard","has-post-thumbnail","hentry","category-uncategorized"],"_links":{"self":[{"href":"https:\/\/www.partyweb.cz\/index.php?rest_route=\/wp\/v2\/posts\/559","targetHints":{"allow":["GET"]}}],"collection":[{"href":"https:\/\/www.partyweb.cz\/index.php?rest_route=\/wp\/v2\/posts"}],"about":[{"href":"https:\/\/www.partyweb.cz\/index.php?rest_route=\/wp\/v2\/types\/post"}],"author":[{"embeddable":true,"href":"https:\/\/www.partyweb.cz\/index.php?rest_route=\/wp\/v2\/users\/3"}],"replies":[{"embeddable":true,"href":"https:\/\/www.partyweb.cz\/index.php?rest_route=%2Fwp%2Fv2%2Fcomments&post=559"}],"version-history":[{"count":1,"href":"https:\/\/www.partyweb.cz\/index.php?rest_route=\/wp\/v2\/posts\/559\/revisions"}],"predecessor-version":[{"id":561,"href":"https:\/\/www.partyweb.cz\/index.php?rest_route=\/wp\/v2\/posts\/559\/revisions\/561"}],"wp:featuredmedia":[{"embeddable":true,"href":"https:\/\/www.partyweb.cz\/index.php?rest_route=\/wp\/v2\/media\/560"}],"wp:attachment":[{"href":"https:\/\/www.partyweb.cz\/index.php?rest_route=%2Fwp%2Fv2%2Fmedia&parent=559"}],"wp:term":[{"taxonomy":"category","embeddable":true,"href":"https:\/\/www.partyweb.cz\/index.php?rest_route=%2Fwp%2Fv2%2Fcategories&post=559"},{"taxonomy":"post_tag","embeddable":true,"href":"https:\/\/www.partyweb.cz\/index.php?rest_route=%2Fwp%2Fv2%2Ftags&post=559"}],"curies":[{"name":"wp","href":"https:\/\/api.w.org\/{rel}","templated":true}]}}