{"id":556,"date":"2026-03-26T21:35:09","date_gmt":"2026-03-26T21:35:09","guid":{"rendered":"https:\/\/www.partyweb.cz\/?p=556"},"modified":"2026-03-26T21:35:09","modified_gmt":"2026-03-26T21:35:09","slug":"renault-a-dacia-na-strahove","status":"publish","type":"post","link":"https:\/\/www.partyweb.cz\/?p=556","title":{"rendered":"Renault a Dacia na Strahov\u011b"},"content":{"rendered":"<p><span style=\"font-family: Verdana, sans-serif\"><span style=\"font-size: large\">Majitel\u00e9 renault\u016f a daci\u00ed m\u011bli dosud v Praze k dispozici jen dva servisy, TUkas na \u010cernokosteleck\u00e9 a Louda na Zli\u010d\u00edn\u011b. Te\u010f p\u0159ibyla t\u0159et\u00ed mo\u017enost. Multibrandov\u00e9 centrum Direct auto na Strahov\u011b (b\u00fdval\u00fd NH Car) p\u0159idalo ke st\u00e1vaj\u00edc\u00ed nab\u00eddce \u0160kodovek a Volkswagen\u016f prodej a servis <\/span><\/span><span style=\"font-family: Verdana, sans-serif\"><span style=\"font-size: large\">Renault\u016f a Daci\u00ed<\/span><\/span><span style=\"font-family: Verdana, sans-serif\"><span style=\"font-size: large\">. <\/span><\/span><\/p>\n<p><span style=\"font-family: Verdana, sans-serif\"><span style=\"font-size: large\">Roz\u0161\u00ed\u0159en\u00e9 prostory se otev\u0159ely 24. b\u0159ezna. <\/span><\/span><span style=\"font-family: Verdana, sans-serif\"><span style=\"font-size: large\"><span lang=\"cs-CZ\">Na jednom m\u00edst\u011b z\u00e1kazn\u00edci najdou prodej nov\u00fdch <\/span><\/span><\/span><span style=\"font-family: Verdana, sans-serif\"><span style=\"font-size: large\"><span lang=\"cs-CZ\">francouzsk\u00fdch <\/span><\/span><\/span><span style=\"font-family: Verdana, sans-serif\"><span style=\"font-size: large\"><span lang=\"cs-CZ\">voz\u016f, skladov\u00e9 a p\u0159edv\u00e1d\u011bc\u00ed vozy, financov\u00e1n\u00ed, poji\u0161t\u011bn\u00ed i kompletn\u00ed servisn\u00ed z\u00e1zem\u00ed. Strategie je jasn\u00e1: rychl\u00e1 dostupnost vozu, transparentn\u00ed m\u011bs\u00ed\u010dn\u00ed n\u00e1klady a dlouhodob\u00e1 p\u00e9\u010de o z\u00e1kazn\u00edka. Slavnostn\u00edho zah\u00e1jen\u00ed se vedle p\u0159edstavitel\u016f Direct Auto z\u00fa\u010dastnil i dlouholet\u00fd \u0159editel Renault a Dacia \u010cR Zden\u011bk Grunt. <\/span><\/span><\/span><\/p>\n<p><span style=\"font-family: Verdana, sans-serif\"><span style=\"font-size: large\"><b>Tahounem bude Dacia i Clio<\/b><\/span><\/span><\/p>\n<p><span style=\"font-family: Verdana, sans-serif\"><span style=\"font-size: large\"><span style=\"font-family: arial, sans-serif\"><span lang=\"cs-CZ\">V \u00favodn\u00ed f\u00e1zi o\u010dek\u00e1v\u00e1 Direct auto<\/span><\/span> nejv\u011bt\u0161\u00ed z\u00e1jem o bestsellery zna\u010dky Dacia, konkr\u00e9tn\u011b modely Sandero, Duster a Bigster. Pozornost pout\u00e1 tak\u00e9 \u010derstv\u00e1 novinka \u2013 hybridn\u00ed crossover Dacia Striker. U zna\u010dky Renault z\u016fst\u00e1v\u00e1 st\u00e1lic\u00ed model Clio, ke kter\u00e9mu se p\u0159id\u00e1vaj\u00ed modern\u00ed elektromobily jako Twingo E-Tech nebo o\u010dek\u00e1van\u00fd n\u00e1stupce modelu Spring s cenovkou startuj\u00edc\u00ed pod 18 000 eur.<\/span><\/span><\/p>\n<p>\u201e<span style=\"font-family: Verdana, sans-serif\"><span style=\"font-size: large\">Kr\u00e1tkodob\u011b budou dominovat spalovac\u00ed verze, zejm\u00e9na u Dacie, kde z\u016fstane siln\u00e9 LPG a benz\u00edn. Hybridy porostou u v\u011bt\u0161\u00edch SUV a elektromobily hlavn\u011b ve m\u011bstech a u firem,\u201c odhaduje budouc\u00ed v\u00fdvoj <\/span><\/span><span style=\"font-family: Verdana, sans-serif\"><span style=\"font-size: large\">vedouc\u00ed prodeje zna\u010dek Renault a Dacia ve spole\u010dnosti Direct auto Martin Prask.<\/span><\/span><\/p>\n<p><strong><span style=\"font-family: Verdana, sans-serif\"><span style=\"font-size: large\"><span lang=\"cs-CZ\"><b>Konkurence flexibilitou i cenou<\/b><\/span><\/span><\/span><\/strong><\/p>\n<p><span style=\"font-family: Verdana, sans-serif\"><span style=\"font-size: large\">Direct auto se chce v konkuren\u010dn\u00edm prost\u0159ed\u00ed prosadit <\/span><\/span><span style=\"font-family: Verdana, sans-serif\"><span style=\"font-size: large\">nejen cenou, ale celkovou<\/span><\/span><span style=\"font-family: Verdana, sans-serif\"><span style=\"font-size: large\"> efektivitou. Kl\u00ed\u010dem k \u00fasp\u011bchu m\u00e1 b\u00fdt vysok\u00fd po\u010det voz\u016f p\u0159ipraven\u00fdch ihned k odb\u011bru a schopnost bleskov\u011b reagovat na popt\u00e1vku. Sou\u010d\u00e1st\u00ed nab\u00eddky je tak\u00e9 kompletn\u00ed portfolio u\u017eitkov\u00fdch voz\u016f Renault s mo\u017enost\u00ed individu\u00e1ln\u00edch konfigurac\u00ed pro podnikatele. \u201eNep\u016fjde prim\u00e1rn\u011b jen o cenu. S\u00e1z\u00edme na skladovou dominanci a rychlou cestu z\u00e1kazn\u00edka k autu. Pracujeme s chytrou cenovou strategi\u00ed, tedy nejen se slevou, ale i se zv\u00fdhodn\u011bn\u00fdmi servisn\u00edmi bal\u00ed\u010dky, prodlou\u017eenou z\u00e1rukou, v\u00fdkupn\u00edmi bonusy nebo operativn\u00edm leasingem na m\u00edru,\u201c vysv\u011btluje strategii <\/span><\/span><span style=\"font-family: Verdana, sans-serif\"><span style=\"font-size: large\">Martin <\/span><\/span><span style=\"font-family: Verdana, sans-serif\"><span style=\"font-size: large\">Prask.<\/span><\/span><\/p>\n<p><span style=\"font-family: Verdana, sans-serif\"><span style=\"font-size: large\"><b>\u0158e\u0161en\u00ed bez kompromis\u016f<\/b><\/span><\/span><\/p>\n<p><span style=\"font-family: Verdana, sans-serif\"><span style=\"font-size: large\">C\u00edlem centra na Strahov\u011b je nab\u00eddnout <span lang=\"cs-CZ\">jasnou m\u011bs\u00ed\u010dn\u00ed spl\u00e1tku bez p\u0159ekvapen\u00ed a kompletn\u00ed \u0159e\u0161en\u00ed mobility od v\u00fdb\u011bru vozu a\u017e po servis. \u201eUm\u00edme b\u00fdt velmi cenov\u011b konkurenceschopn\u00ed. Na\u0161\u00ed ambic\u00ed je ale b\u00fdt nejefektivn\u011bj\u0161\u00ed a nejrychlej\u0161\u00ed dealer na trhu a dodat z\u00e1kazn\u00edkovi \u0159e\u0161en\u00ed bez kompromis\u016f,\u201c uzav\u00edr\u00e1 <\/span><span lang=\"cs-CZ\">Martin <\/span><span lang=\"cs-CZ\">Prask.<\/span><\/span><\/span><\/p>\n","protected":false},"excerpt":{"rendered":"<p>Majitel\u00e9 renault\u016f a daci\u00ed m\u011bli dosud v Praze k dispozici jen dva servisy, TUkas na&#8230;<\/p>\n","protected":false},"author":3,"featured_media":557,"comment_status":"closed","ping_status":"closed","sticky":false,"template":"","format":"standard","meta":{"footnotes":""},"categories":[1],"tags":[],"class_list":["post-556","post","type-post","status-publish","format-standard","has-post-thumbnail","hentry","category-uncategorized"],"_links":{"self":[{"href":"https:\/\/www.partyweb.cz\/index.php?rest_route=\/wp\/v2\/posts\/556","targetHints":{"allow":["GET"]}}],"collection":[{"href":"https:\/\/www.partyweb.cz\/index.php?rest_route=\/wp\/v2\/posts"}],"about":[{"href":"https:\/\/www.partyweb.cz\/index.php?rest_route=\/wp\/v2\/types\/post"}],"author":[{"embeddable":true,"href":"https:\/\/www.partyweb.cz\/index.php?rest_route=\/wp\/v2\/users\/3"}],"replies":[{"embeddable":true,"href":"https:\/\/www.partyweb.cz\/index.php?rest_route=%2Fwp%2Fv2%2Fcomments&post=556"}],"version-history":[{"count":1,"href":"https:\/\/www.partyweb.cz\/index.php?rest_route=\/wp\/v2\/posts\/556\/revisions"}],"predecessor-version":[{"id":558,"href":"https:\/\/www.partyweb.cz\/index.php?rest_route=\/wp\/v2\/posts\/556\/revisions\/558"}],"wp:featuredmedia":[{"embeddable":true,"href":"https:\/\/www.partyweb.cz\/index.php?rest_route=\/wp\/v2\/media\/557"}],"wp:attachment":[{"href":"https:\/\/www.partyweb.cz\/index.php?rest_route=%2Fwp%2Fv2%2Fmedia&parent=556"}],"wp:term":[{"taxonomy":"category","embeddable":true,"href":"https:\/\/www.partyweb.cz\/index.php?rest_route=%2Fwp%2Fv2%2Fcategories&post=556"},{"taxonomy":"post_tag","embeddable":true,"href":"https:\/\/www.partyweb.cz\/index.php?rest_route=%2Fwp%2Fv2%2Ftags&post=556"}],"curies":[{"name":"wp","href":"https:\/\/api.w.org\/{rel}","templated":true}]}}