{"id":549,"date":"2026-03-22T20:01:54","date_gmt":"2026-03-22T20:01:54","guid":{"rendered":"https:\/\/www.partyweb.cz\/?p=549"},"modified":"2026-03-22T20:01:54","modified_gmt":"2026-03-22T20:01:54","slug":"stane-se-ds-n7-bestsellerem-nove-generace","status":"publish","type":"post","link":"https:\/\/www.partyweb.cz\/?p=549","title":{"rendered":"Stane se DS N\u00b07 bestsellerem nov\u00e9 generace?"},"content":{"rendered":"<p><span style=\"font-family: Verdana, sans-serif\"><span style=\"font-size: large\">DS Automobiles poprv\u00e9 od sv\u00e9ho vzniku v roce 2014 <\/span><\/span><span style=\"font-family: Verdana, sans-serif\"><span style=\"font-size: large\">podstatn\u011b<\/span><\/span><span style=\"font-family: Verdana, sans-serif\"><span style=\"font-size: large\"> obm\u011b\u0148uje jeden ze sv\u00fdch kl\u00ed\u010dov\u00fdch model\u016f. Novinka s ozna\u010den\u00edm DS N\u00b07 p\u0159ich\u00e1z\u00ed jako p\u0159\u00edm\u00fd n\u00e1stupce dosavadn\u00edho DS 7, <\/span><\/span><span style=\"font-family: Verdana, sans-serif\"><span style=\"font-size: large\">n<\/span><\/span><span style=\"font-family: Verdana, sans-serif\"><span style=\"font-size: large\">ejprod\u00e1van\u011bj\u0161\u00edho vozu zna\u010dky, a stav\u00ed se do centra pr\u00e9miov\u00e9ho trhu v segmentu kompaktn\u00edch SUV. <\/span><\/span><\/p>\n<p><span style=\"font-family: Verdana, sans-serif\"><span style=\"font-size: large\">S<\/span><\/span><span style=\"font-family: Verdana, sans-serif\"><span style=\"font-size: large\"> DS N\u00b07 <\/span><\/span><span style=\"font-family: Verdana, sans-serif\"><span style=\"font-size: large\">m\u00ed\u0159\u00ed automobilka <\/span><\/span><span style=\"font-family: Verdana, sans-serif\"><span style=\"font-size: large\">znovu do st\u0159edu segmentu pr\u00e9miov\u00fdch kompaktn\u00edch SUV a zjevn\u011b nechce hr\u00e1t jen na efektn\u00ed vzhled, <\/span><\/span><span style=\"font-family: Verdana, sans-serif\"><span style=\"font-size: large\">kdy\u017e v<\/span><\/span><span style=\"font-family: Verdana, sans-serif\"><span style=\"font-size: large\">edle nov\u00e9ho designu s\u00e1z\u00ed i na prostorn\u011bj\u0161\u00ed kabinu, vy\u0161\u0161\u00ed m\u00edru pohodl\u00ed a velmi \u0161iroce pojatou technickou v\u00fdbavu. Chce b\u00fdt <\/span><\/span><span style=\"font-family: Verdana, sans-serif\"><span style=\"font-size: large\">prost\u011b<\/span><\/span><span style=\"font-family: Verdana, sans-serif\"><span style=\"font-size: large\"> prostorn\u00e9, pohodln\u00e9, technologicky vysp\u011bl\u00e9 a z\u00e1rove\u0148 sv\u00e9bytn\u00e9. M\u00e1 zaujmout ty, kte\u0159\u00ed u\u017e necht\u011bj\u00ed dal\u0161\u00ed zam\u011bniteln\u00e9 pr\u00e9miov\u00e9 SUV, ale v\u016fz s osobit\u011bj\u0161\u00edm charakterem a v\u00fdrazn\u011bj\u0161\u00edm stylem. <\/span><\/span><\/p>\n<p><span style=\"font-family: Verdana, sans-serif\"><span style=\"font-size: large\">Na prvn\u00ed pohled p\u016fsob<\/span><\/span><span style=\"font-family: Verdana, sans-serif\"><span style=\"font-size: large\">\u00ed <\/span><\/span><span style=\"font-family: Verdana, sans-serif\"><span style=\"font-size: large\">DS N\u00b07 d\u016fstojn\u011bji a technicky vysp\u011bleji ne\u017e d\u0159\u00edv. Nov\u00fd sv\u011bteln\u00fd podpis vp\u0159edu i vzadu navazuje na DS N\u00b08, v\u016fz dostal osv\u011btlenou masku DS LUMINASCREEN a charakteristick\u00e9 sv\u011bteln\u00e9 prvky DS LIGHT BLADE. Design p\u0159itom nevznikal jen kv\u016fli efektu, <\/span><\/span><span style=\"font-family: Verdana, sans-serif\"><span style=\"font-size: large\">co\u017e potvrzuje <\/span><\/span><span style=\"font-family: Verdana, sans-serif\"><span style=\"font-size: large\">sou\u010dinitel odporu vzduchu 0,26., <\/span><\/span><span style=\"font-family: Verdana, sans-serif\"><span style=\"font-size: large\">k \u010demu\u017e<\/span><\/span><span style=\"font-family: Verdana, sans-serif\"><span style=\"font-size: large\"> p\u0159isp\u00edv\u00e1 i tvar st\u0159echy zakon\u010den\u00fd spoilerem. <\/span><\/span><\/p>\n<h3 class=\"western\"><strong><span style=\"font-family: Verdana, sans-serif\"><span style=\"font-size: large\">Elegantn\u011bj\u0161\u00ed k\u0159ivky <\/span><\/span><\/strong><\/h3>\n<p><span style=\"font-family: Verdana, sans-serif\"><span style=\"font-size: large\">V\u016fz n<\/span><\/span><span style=\"font-family: Verdana, sans-serif\"><span style=\"font-size: large\">a<\/span><\/span><span style=\"font-family: Verdana, sans-serif\"><span style=\"font-size: large\">b\u00edz\u00ed v\u00fdkon hodn\u00fd vy\u0161\u0161\u00ed kategorie, a\u0165 u\u017e co do komfortu, vnit\u0159n\u00edho prostoru nebo zavazadlov\u00e9ho prostoru, p\u0159i\u010dem\u017e si zachov\u00e1v\u00e1 velikost dokonale p\u0159izp\u016fsobenou ka\u017edodenn\u00edmu pou\u017eit\u00ed. Jeho \u0161\u00ed\u0159ka 1,90 m a v\u00fd\u0161ka 1,63 m z\u016fst\u00e1vaj\u00ed nezm\u011bn\u011bny, zat\u00edmco d\u00e9lka, zv<\/span><\/span><span style=\"font-family: Verdana, sans-serif\"><span style=\"font-size: large\">\u011bt\u0161en\u00e1<\/span><\/span><span style=\"font-family: Verdana, sans-serif\"><span style=\"font-size: large\"> na 4,66 <\/span><\/span><span style=\"font-family: Verdana, sans-serif\"><span style=\"font-size: large\">metru <\/span><\/span><span style=\"font-family: Verdana, sans-serif\"><span style=\"font-size: large\">sleduje tr\u017en\u00ed trend m\u00edrn\u00e9ho r\u016fstu. Tento celkov\u00fd rozd\u00edl <\/span><\/span><span style=\"font-family: Verdana, sans-serif\"><span style=\"font-size: large\">sedm<\/span><\/span><span style=\"font-family: Verdana, sans-serif\"><span style=\"font-size: large\"> c<\/span><\/span><span style=\"font-family: Verdana, sans-serif\"><span style=\"font-size: large\">entimetr\u016f<\/span><\/span><span style=\"font-family: Verdana, sans-serif\"><span style=\"font-size: large\"> oproti p\u0159edch\u016fdci v podstat\u011b odpov\u00edd\u00e1 prodlou\u017een\u00ed rozvoru o <\/span><\/span><span style=\"font-family: Verdana, sans-serif\"><span style=\"font-size: large\">p\u011bt centimetr\u016f,<\/span><\/span><span style=\"font-family: Verdana, sans-serif\"><span style=\"font-size: large\"> kter\u00fd <\/span><\/span><span style=\"font-family: Verdana, sans-serif\"><span style=\"font-size: large\">nyn\u00ed <\/span><\/span><span style=\"font-family: Verdana, sans-serif\"><span style=\"font-size: large\">dosahuje 2,79 m<\/span><\/span><span style=\"font-family: Verdana, sans-serif\"><span style=\"font-size: large\">etru<\/span><\/span><span style=\"font-family: Verdana, sans-serif\"><span style=\"font-size: large\">, co\u017e je v\u00fdhodn\u00e9 pro architekturu vozidla a prostor pro cestuj\u00edc\u00ed. Zadn\u00ed dve\u0159e jsou del\u0161\u00ed a plocha bo\u010dn\u00edch oken vzrostla o 30 procent. Voliteln\u00e1 panoramatick\u00e1 st\u0159echa je pak proti DS 7 v\u011bt\u0161\u00ed o 40 procent. Novinka stoj\u00ed na kolech o pr\u016fm\u011bru a\u017e 740 milimetr\u016f, tedy s disky a\u017e do velikosti 21 palc\u016f.<\/span><\/span><\/p>\n<p><span style=\"font-family: Verdana, sans-serif\"><span style=\"font-size: large\">Karoserie bude k dispozici v \u0161esti barv\u00e1ch v\u010detn\u011b nov\u00e9ho odst\u00ednu Silk Green a z\u00e1jemci si budou moci zvolit i kontrastn\u00ed \u010dernou st\u0159echu nebo roz\u0161\u00ed\u0159en\u00e9 dvoubarevn\u00e9 lakov\u00e1n\u00ed zasahuj\u00edc\u00ed a\u017e na kapotu. Dal\u0161\u00edmi barvami je \u0161ed\u00e1 Palladium, modr\u00e1 Topaz, b\u00edl\u00e1 Alabaster, b\u00edl\u00e1 Crystal Pearl a \u010dern\u00e1 Perla Nera.<\/span><\/span><\/p>\n<p><b><span style=\"font-family: Verdana, sans-serif\"><span style=\"font-size: large\">Interier klad<\/span><\/span><span style=\"font-family: Verdana, sans-serif\"><span style=\"font-size: large\">e<\/span><\/span><span style=\"font-family: Verdana, sans-serif\"><span style=\"font-size: large\"> d\u016fraz na detail<\/span><\/span><\/b><\/p>\n<p><span style=\"font-family: Verdana, sans-serif\"><span style=\"font-size: large\">Interi\u00e9r DS N\u00b07 chce zaujmout nejen technikou, ale i atmosf\u00e9rou. Zna\u010dka p\u0159ipravila n\u011bkolik r\u016fzn\u00fdch pojet\u00ed kabiny li\u0161\u00edc\u00edch se materi\u00e1ly, barvami i dekoracemi. M\u011bkk\u00e9 povrchy, kontrastn\u00ed pro\u0161\u00edv\u00e1n\u00ed, reli\u00e9fn\u00ed vzory, brou\u0161en\u00fd hlin\u00edk nebo prav\u00e9 d\u0159evo maj\u00ed vytv\u00e1\u0159et dojem skute\u010dn\u00e9ho pr\u00e9miov\u00e9ho prost\u0159ed\u00ed. Typick\u00fdmi znaky DS z\u016fst\u00e1vaj\u00ed gilo\u0161ov\u00e1n\u00ed, perlov\u00e9 pro\u0161\u00edv\u00e1n\u00ed a ko\u017een\u00e9 \u010daloun\u011bn\u00ed sedadel inspirovan\u00e9 tvarem \u0159em\u00ednku hodinek. D\u016fle\u017eitou roli hraje i ambientn\u00ed osv\u011btlen\u00ed, kter\u00e9 dotv\u00e1\u0159\u00ed celkovou n\u00e1ladu interi\u00e9ru.<\/span><\/span><\/p>\n<p><span style=\"font-family: Verdana, sans-serif\"><span style=\"font-size: large\">Za volantem s\u00a0rameny ve tvaru X se nach\u00e1z\u00ed 10palcov\u00fd digit\u00e1ln\u00ed p\u0159\u00edstrojov\u00fd \u0161t\u00edt, zat\u00edmco 16palcov\u00e1 \u0161iroko\u00fahl\u00e1 obrazovka infotainmentu se p\u0159ed palubn\u00ed deskou zd\u00e1nliv\u011b vzn\u00e1\u0161\u00ed v\u00a0prostoru. Syst\u00e9m DS Iris 2.0 ji\u017e zahrnuje funkce um\u011bl\u00e9 inteligence v\u010detn\u011b chatbotu ChatGPT. V nab\u00eddce \u010daloun\u011bn\u00ed pak zna\u010dka tradi\u010dn\u011b nab\u00edz\u00ed v\u00a0\u0159ad\u011b odst\u00edn\u016f Nappa k\u016f\u017ei a Alcantaru, oblo\u017een\u00ed m\u016f\u017ee b\u00fdt zase z\u00a0brou\u0161en\u00e9ho hlin\u00edku, prav\u00e9ho d\u0159eva nebo ve form\u011b slam\u011bn\u00e9 intarzie. P\u0159\u00edstrojov\u00fd \u0161t\u00edt s \u00fahlop\u0159\u00ed\u010dkou 10 palc\u016f a centr\u00e1ln\u00ed displej s \u00fahlop\u0159\u00ed\u010dkou 16 palc\u016f jsou do palubn\u00ed desky za\u010dlen\u011bny elegantn\u011b a bez zbyte\u010dn\u00e9 ok\u00e1zalosti. <\/span><\/span><\/p>\n<p><span style=\"font-family: Verdana, sans-serif\"><span style=\"font-size: large\">Pr\u00e9miovou v\u00fdbavu N\u00b07 dopl\u0148uj\u00ed nap\u0159\u00edklad adaptivn\u00ed tlumi\u010de se syst\u00e9mem skenov\u00e1n\u00ed nerovnost\u00ed vozovky, LED-pixelov\u00e9 adaptivn\u00ed sv\u011btlomety, soubor asisten\u010dn\u00edch syst\u00e9m\u016f pro autonomn\u00ed \u0159\u00edzen\u00ed druh\u00e9 \u00farovn\u011b, rozm\u011brn\u00fd head-up displej, syst\u00e9m no\u010dn\u00edho vid\u011bn\u00ed, digit\u00e1ln\u00ed vnit\u0159n\u00ed zp\u011btn\u00e9 zrc\u00e1tko se dv\u011bma re\u017eimy v\u00fdhledu dozadu, vyh\u0159\u00edvan\u00e9\/chlazen\u00e9\/mas\u00e1\u017en\u00ed p\u0159edn\u00ed seda\u010dky nebo 3D audiosyst\u00e9m Focal se 14 reproduktory. <\/span><\/span><\/p>\n<p><span style=\"font-family: Verdana, sans-serif\"><span style=\"font-size: large\">Zavazadeln\u00edk nab\u00eddne podle verze a audiosoustavy a\u017e 560 litr\u016f, v nejm\u00e9n\u011b p\u0159\u00edzniv\u00e9m proveden\u00ed s pohonem v\u0161ech kol a subwooferem 500 litr\u016f. DS nav\u00edc zachovalo pravideln\u00fd tvar kufru a p\u0159id\u00e1v\u00e1 dvoupolohovou podlahu, kter\u00e1 po sklopen\u00ed zadn\u00edch op\u011bradel vytvo\u0159\u00ed rovnou lo\u017enou plochu.<\/span><\/span><\/p>\n<p><b><span style=\"font-family: Verdana, sans-serif\"><span style=\"font-size: large\">Motorizace<\/span><\/span><\/b><\/p>\n<p><span style=\"font-family: Verdana, sans-serif\"><span style=\"font-size: large\">Pohonn\u00e9 verze pat\u0159\u00ed mezi nejv\u011bt\u0161\u00ed tah\u00e1ky nov\u00e9 DS N\u00b07. Z\u00e1kladem elektrick\u00e9 nab\u00eddky bude proveden\u00ed E-TENSE FWD s v\u00fdkonem 230 kon\u00ed a bateri\u00ed o kapacit\u011b 73,7 kWh, kter\u00e9 m\u00e1 podle WLTP ujet a\u017e 543 kilometr\u016f. Nad n\u00edm stoj\u00ed verze E-TENSE FWD LONG RANGE s v\u00fdkonem 245 kon\u00ed a akumul\u00e1torem 97,2 kWh. Ta m\u00e1 nab\u00eddnout dojezd a\u017e 740 kilometr\u016f, co\u017e DS ozna\u010duje za referen\u010dn\u00ed hodnotu v r\u00e1mci segmentu kompaktn\u00edch SUV. Vrchol elektrick\u00e9 \u0159ady tvo\u0159\u00ed E-TENSE AWD LONG RANGE se dv\u011bma elektromotory, pohonem v\u0161ech kol, v\u00fdkonem 350 kon\u00ed a dojezdem a\u017e 679 kilometr\u016f. V\u0161echny elektrick\u00e9 varianty nav\u00edc dostanou kr\u00e1tkodobou funkci nav\u00fd\u0161en\u00ed v\u00fdkonu. <\/span><\/span><\/p>\n<p><span style=\"font-family: Verdana, sans-serif\"><span style=\"font-size: large\">D\u016fle\u017eitou roli m\u00e1 hr\u00e1t i nab\u00edjen\u00ed. <\/span><\/span><span style=\"font-family: Verdana, sans-serif\"><span style=\"font-size: large\">DS N\u00b07 E-TENSE zvl\u00e1dne doplnit energii z 20 na 80 procent za 27 minut, respektive za 31 minut u men\u0161\u00ed baterie. Samoz\u0159ejmost\u00ed je p\u0159edeh\u0159ev akumul\u00e1toru, automatick\u00fd syst\u00e9m Plug &amp; Charge, t\u0159\u00edstup\u0148ov\u00e1 rekuperace nastaviteln\u00e1 p\u00e1dly pod volantem i funkce One Pedal. Palubn\u00ed nab\u00edje\u010dka m\u00e1 m\u00edt standardn\u011b 11 kW, za p\u0159\u00edplatek 22kW.<\/span><\/span><\/p>\n<p><span style=\"font-family: Verdana, sans-serif\"><span style=\"font-size: large\">V nab\u00eddce bude i samodob\u00edjec\u00ed hybrid DS N\u00b07 HYBRID 145 kombinuj\u00edc\u00ed p\u0159epl\u0148ovan\u00fd benzinov\u00fd t\u0159\u00edv\u00e1lec 1,2 litru s elektromotorem o v\u00fdkonu 21 kW integrovan\u00fdm p\u0159\u00edmo do \u0161estistup\u0148ov\u00e9 dvouspojkov\u00e9 automatick\u00e9 p\u0159evodovky. Syst\u00e9mov\u00fd v\u00fdkon \u010din\u00ed 145 kon\u00ed, emise CO\u2082 maj\u00ed za\u010d\u00ednat na 121 g\/km a spot\u0159eba na 5,4 l\/100 km. <\/span><\/span><\/p>\n<p>&nbsp;<\/p>\n","protected":false},"excerpt":{"rendered":"<p>DS Automobiles poprv\u00e9 od sv\u00e9ho vzniku v roce 2014 podstatn\u011b obm\u011b\u0148uje jeden ze sv\u00fdch kl\u00ed\u010dov\u00fdch&#8230;<\/p>\n","protected":false},"author":3,"featured_media":553,"comment_status":"closed","ping_status":"closed","sticky":false,"template":"","format":"standard","meta":{"footnotes":""},"categories":[1],"tags":[],"class_list":["post-549","post","type-post","status-publish","format-standard","has-post-thumbnail","hentry","category-uncategorized"],"_links":{"self":[{"href":"https:\/\/www.partyweb.cz\/index.php?rest_route=\/wp\/v2\/posts\/549","targetHints":{"allow":["GET"]}}],"collection":[{"href":"https:\/\/www.partyweb.cz\/index.php?rest_route=\/wp\/v2\/posts"}],"about":[{"href":"https:\/\/www.partyweb.cz\/index.php?rest_route=\/wp\/v2\/types\/post"}],"author":[{"embeddable":true,"href":"https:\/\/www.partyweb.cz\/index.php?rest_route=\/wp\/v2\/users\/3"}],"replies":[{"embeddable":true,"href":"https:\/\/www.partyweb.cz\/index.php?rest_route=%2Fwp%2Fv2%2Fcomments&post=549"}],"version-history":[{"count":1,"href":"https:\/\/www.partyweb.cz\/index.php?rest_route=\/wp\/v2\/posts\/549\/revisions"}],"predecessor-version":[{"id":554,"href":"https:\/\/www.partyweb.cz\/index.php?rest_route=\/wp\/v2\/posts\/549\/revisions\/554"}],"wp:featuredmedia":[{"embeddable":true,"href":"https:\/\/www.partyweb.cz\/index.php?rest_route=\/wp\/v2\/media\/553"}],"wp:attachment":[{"href":"https:\/\/www.partyweb.cz\/index.php?rest_route=%2Fwp%2Fv2%2Fmedia&parent=549"}],"wp:term":[{"taxonomy":"category","embeddable":true,"href":"https:\/\/www.partyweb.cz\/index.php?rest_route=%2Fwp%2Fv2%2Fcategories&post=549"},{"taxonomy":"post_tag","embeddable":true,"href":"https:\/\/www.partyweb.cz\/index.php?rest_route=%2Fwp%2Fv2%2Ftags&post=549"}],"curies":[{"name":"wp","href":"https:\/\/api.w.org\/{rel}","templated":true}]}}