{"id":545,"date":"2026-03-19T07:02:03","date_gmt":"2026-03-19T07:02:03","guid":{"rendered":"https:\/\/www.partyweb.cz\/?p=545"},"modified":"2026-03-19T07:02:03","modified_gmt":"2026-03-19T07:02:03","slug":"radim-passer-stavi-sequoiu-novou-dominantu-prahy","status":"publish","type":"post","link":"https:\/\/www.partyweb.cz\/?p=545","title":{"rendered":"Radim Passer stav\u00ed Sequoiu, novou dominantu Prahy"},"content":{"rendered":"<p class=\"western\" align=\"left\"><span style=\"font-family: Verdana, sans-serif\"><span style=\"font-size: large\">Spole\u010dnost Passerinvest Group v polovin\u011b b\u0159ezna slavnostn\u011b zah\u00e1jila poklepem z\u00e1kladn\u00edho kamene v\u00fdstavbu nov\u00e9 administrativn\u00ed budovy Sequoia v Roztylech. Dokon\u010den\u00ed projektu, za n\u00edm\u017e stoj dva investo\u0159i, spole\u010dnosti Passerinvest Group a Gemo, kter\u00e1 je z\u00e1rove\u0148 zhotovitelem stavby, je pl\u00e1nov\u00e1no na prvn\u00ed \u010dtvrtlet\u00ed roku 2028. <\/span><\/span><\/p>\n<p class=\"western\" align=\"left\"><span style=\"font-family: Verdana, sans-serif\"><span style=\"font-size: large\"><b>Modern\u00ed kancel\u00e1\u0159e budoucnosti<\/b><\/span><\/span><\/p>\n<p class=\"western\" align=\"left\"><span style=\"font-family: Verdana, sans-serif\"><span style=\"font-size: large\">Po sv\u00e9m dokon\u010den\u00ed budova nab\u00eddne celkem 33 130 m\u00b2 pronaj\u00edmateln\u00e9 plochy, z toho v\u00edce ne\u017e 32 700 m\u00b2 kancel\u00e1\u0159\u00ed a 375 m\u00b2 obchodn\u00edch ploch. Budova m\u00e1 11 administrativn\u00edch a 4 gar\u00e1\u017eov\u00e1 podla\u017e\u00ed, kter\u00e1 poskytnou 488 parkovac\u00edch m\u00edst. N\u00e1jemci budou m\u00edt k dispozici variabiln\u00ed uspo\u0159\u00e1d\u00e1n\u00ed prostor v\u00a0r\u00e1mci a\u017e 3 778 m\u00b2 kancel\u00e1\u0159sk\u00fdch ploch na jednom podla\u017e\u00ed, kant\u00fdnu s\u00a0kav\u00e1rnou, obchodn\u00ed prostor a sd\u00edlen\u00e9 zasedac\u00ed prostory a\u017e pro 200 osob.<\/span><\/span><b> <\/b><span style=\"font-family: Verdana, sans-serif\"><span style=\"font-size: large\">Sou\u010d\u00e1st\u00ed projektu je velkorys\u00e1 st\u0159e\u0161n\u00ed terasa se zelen\u00ed, relaxa\u010dn\u00edmi z\u00f3nami a v\u00fdhledy na Kr\u010dsk\u00fd les. Kant\u00fdna s\u00a0kav\u00e1rnou bude propojena l\u00e1vkou s p\u0159ilehl\u00fdm parkem. D\u00edky um\u00edst\u011bn\u00ed na hlavn\u00ed pra\u017esk\u00e9 cyklostezce bude n\u00e1jemc\u016fm k dispozici kol\u00e1rna se \u0161atnami a sprchami. Elektromobilita je podpo\u0159ena nab\u00edjec\u00edmi stanicemi pro elektromobily, ale i z\u00e1suvkami pro elektrokola.<\/span><\/span><\/p>\n<p class=\"western\" align=\"left\"><span style=\"font-family: Verdana, sans-serif\"><span style=\"font-size: large\"><b>Stavby na Brumlovce i v Nov\u00fdch Roztylech<\/b><\/span><\/span><\/p>\n<p class=\"western\" align=\"left\">\u201e<span style=\"font-family: Verdana, sans-serif\"><span style=\"font-size: large\">V\u00a0sou\u010dasn\u00e9 dob\u011b stav\u00edme a p\u0159ipravujeme nejv\u00edce projekt\u016f v\u00a0jeden \u010das za celou dobu na\u0161eho podnik\u00e1n\u00ed. Dva v\u00fdjime\u010dn\u00e9 multifunk\u010dn\u00ed objekty Hila a Orion stav\u00edme na Brumlovce v\u00a0Praze 4 a Sequoia p\u0159edstavuje n\u00e1\u0161 dal\u0161\u00ed zcela nov\u00fd administrativn\u00ed projekt, kter\u00fd posouv\u00e1 standardy sou\u010dasn\u00e9ho trhu. Svou velikost\u00ed, kvalitou, um\u00edst\u011bn\u00edm i netradi\u010dn\u00edm architektonick\u00fdm \u0159e\u0161en\u00edm vytv\u00e1\u0159\u00ed v Praze zcela v\u00fdjime\u010dnou nab\u00eddku \u0161pi\u010dkov\u00fdch kancel\u00e1\u0159\u00ed s\u00a0velkorys\u00fdm z\u00e1zem\u00edm v\u00a0podstat\u011b bez p\u0159\u00edm\u00e9 konkurence. S pokorou a up\u0159\u00edmnou vd\u011b\u010dnost\u00ed p\u0159ij\u00edm\u00e1me mo\u017enost p\u0159in\u00e9st do t\u00e9to lokality n\u011bco, co m\u016f\u017ee dlouhodob\u011b obohatit jej\u00ed rozvoj,\u201c uvedl p\u0159i slavnostn\u00edm zah\u00e1jen\u00ed stavby zakladatel a CEO Passerinvest Group Radim Passer. <\/span><\/span><\/p>\n<p class=\"western\" align=\"left\"><span style=\"font-family: Verdana, sans-serif\"><span style=\"font-size: large\"><b>Strategick\u00e1 poloha s v\u00fdjime\u010dnou viditelnost\u00ed a dostupnost\u00ed<\/b><\/span><\/span><\/p>\n<p class=\"western\" align=\"left\"><span style=\"font-family: Verdana, sans-serif\"><span style=\"font-size: large\">D\u00edky sv\u00e9 poloze na k\u0159\u00ed\u017een\u00ed Ji\u017en\u00ed spojky a magistr\u00e1ly se Sequoia stane jednou z nejviditeln\u011bj\u0161\u00edch administrativn\u00edch budov v Praze. Denn\u011b ji bude m\u00edjet v\u00edce ne\u017e 200 tis\u00edc proj\u00ed\u017ed\u011bj\u00edc\u00edch vozidel, co\u017e p\u0159edstavuje mimo\u0159\u00e1dnou p\u0159\u00edle\u017eitost pro um\u00edst\u011bn\u00ed firemn\u00edho ozna\u010den\u00ed a budov\u00e1n\u00ed siln\u00e9 zna\u010dky. P\u0159\u00edm\u00e9 napojen\u00ed na Pra\u017esk\u00fd okruh a d\u00e1lnici D1, bl\u00edzkost stanice metra C Roztyly a autobusov\u00e9ho termin\u00e1lu m\u011bstsk\u00fdch, p\u0159\u00edm\u011bstsk\u00fdch i mezin\u00e1rodn\u00edch linek, stejn\u011b jako p\u0159\u00edtomnost hlavn\u00ed pra\u017esk\u00e9 cyklostezky zaji\u0161\u0165uj\u00ed budov\u011b excelentn\u00ed dostupnost doslova odkudkoli.<\/span><\/span><\/p>\n<p class=\"western\" align=\"left\"><span style=\"font-family: Verdana, sans-serif\"><span style=\"font-size: large\"><b>Sou\u010d\u00e1st \u0161ir\u0161\u00edho rozvoje \u00fazem\u00ed<\/b><\/span><\/span><\/p>\n<p class=\"western\" align=\"left\"><span style=\"font-family: Verdana, sans-serif\"><span style=\"font-size: large\">Sequoia navazuje na ji\u017e dokon\u010den\u00fd projekt administrativn\u00ed budovy Roztyly Plaza se slu\u017ebami a obchody v\u00a0p\u0159\u00edzem\u00ed (fitness, kav\u00e1rna, l\u00e9k\u00e1rna, kant\u00fdna a dal\u0161\u00ed) i na \u010dty\u0159hektarov\u00fd revitalizovan\u00fd park Nov\u00e9 Roztyly. Ten dnes slou\u017e\u00ed ve\u0159ejnosti jako obl\u00edben\u00fd prostor pro sport a voln\u00fd \u010das (b\u011b\u017eeck\u00e1 dr\u00e1ha, workout, discgolf, venkovn\u00ed fitness, parkur i d\u011btsk\u00e9 h\u0159i\u0161t\u011b). Sequoia p\u0159edch\u00e1z\u00ed dal\u0161\u00ed pl\u00e1novan\u00e9 f\u00e1zi revitalizace \u00fazem\u00ed Nov\u00fdch Roztyl, reziden\u010dn\u00ed v\u00fdstavb\u011b Arboretum, kter\u00e1 dopln\u00ed administrativn\u00ed funkci o bydlen\u00ed k\u00a0n\u00e1jmu i koupi a p\u0159isp\u011bje k vytvo\u0159en\u00ed plnohodnotn\u00e9 \u010d\u00e1sti m\u011bsta.<\/span><\/span><\/p>\n<p class=\"western\" align=\"left\"><span style=\"font-family: Verdana, sans-serif\"><span style=\"font-size: large\">Foto:<\/span><\/span><\/p>\n<p class=\"western\" align=\"left\"><span style=\"font-family: Verdana, sans-serif\"><span style=\"font-size: large\"><b>Poklep\u00e1n\u00ed z\u00e1kladn\u00edho kamene budovy Sequoia 18. b\u0159ezna 2026<\/b><\/span><\/span><\/p>\n<p class=\"western\" align=\"left\"><span style=\"font-family: Verdana, sans-serif\"><span style=\"font-size: large\">Zleva Martin Krupauer z A8000, Jarom\u00edr Uh\u00fdrek z GEMO, Radim Passer z Paserinvest Group, Petr Kra\u010dmar z GEMO a \u010cestm\u00edr \u0160im\u016fnek z Passerinvest Group<\/span><\/span><\/p>\n","protected":false},"excerpt":{"rendered":"<p>Spole\u010dnost Passerinvest Group v polovin\u011b b\u0159ezna slavnostn\u011b zah\u00e1jila poklepem z\u00e1kladn\u00edho kamene v\u00fdstavbu nov\u00e9 administrativn\u00ed budovy&#8230;<\/p>\n","protected":false},"author":3,"featured_media":547,"comment_status":"closed","ping_status":"closed","sticky":false,"template":"","format":"standard","meta":{"footnotes":""},"categories":[1],"tags":[],"class_list":["post-545","post","type-post","status-publish","format-standard","has-post-thumbnail","hentry","category-uncategorized"],"_links":{"self":[{"href":"https:\/\/www.partyweb.cz\/index.php?rest_route=\/wp\/v2\/posts\/545","targetHints":{"allow":["GET"]}}],"collection":[{"href":"https:\/\/www.partyweb.cz\/index.php?rest_route=\/wp\/v2\/posts"}],"about":[{"href":"https:\/\/www.partyweb.cz\/index.php?rest_route=\/wp\/v2\/types\/post"}],"author":[{"embeddable":true,"href":"https:\/\/www.partyweb.cz\/index.php?rest_route=\/wp\/v2\/users\/3"}],"replies":[{"embeddable":true,"href":"https:\/\/www.partyweb.cz\/index.php?rest_route=%2Fwp%2Fv2%2Fcomments&post=545"}],"version-history":[{"count":1,"href":"https:\/\/www.partyweb.cz\/index.php?rest_route=\/wp\/v2\/posts\/545\/revisions"}],"predecessor-version":[{"id":548,"href":"https:\/\/www.partyweb.cz\/index.php?rest_route=\/wp\/v2\/posts\/545\/revisions\/548"}],"wp:featuredmedia":[{"embeddable":true,"href":"https:\/\/www.partyweb.cz\/index.php?rest_route=\/wp\/v2\/media\/547"}],"wp:attachment":[{"href":"https:\/\/www.partyweb.cz\/index.php?rest_route=%2Fwp%2Fv2%2Fmedia&parent=545"}],"wp:term":[{"taxonomy":"category","embeddable":true,"href":"https:\/\/www.partyweb.cz\/index.php?rest_route=%2Fwp%2Fv2%2Fcategories&post=545"},{"taxonomy":"post_tag","embeddable":true,"href":"https:\/\/www.partyweb.cz\/index.php?rest_route=%2Fwp%2Fv2%2Ftags&post=545"}],"curies":[{"name":"wp","href":"https:\/\/api.w.org\/{rel}","templated":true}]}}