{"id":540,"date":"2026-03-17T19:18:17","date_gmt":"2026-03-17T19:18:17","guid":{"rendered":"https:\/\/www.partyweb.cz\/?p=540"},"modified":"2026-03-17T19:20:41","modified_gmt":"2026-03-17T19:20:41","slug":"ds-n4-jules-verne-nova-dimenze-cestovani","status":"publish","type":"post","link":"https:\/\/www.partyweb.cz\/?p=540","title":{"rendered":"DS N\u00b04 Jules Verne \u2013 Nov\u00e1 dimenze cestov\u00e1n\u00ed"},"content":{"rendered":"<p align=\"left\"><span style=\"font-size: large\"><span style=\"font-family: Verdana, sans-serif\">Prost\u0159ednictv\u00edm avantgardn\u00edho designu a vysp\u011bl\u00fdch technologi\u00ed nab\u00ed<\/span><span style=\"font-family: Verdana, sans-serif\">z\u00ed<\/span><span style=\"font-family: Verdana, sans-serif\"> spole\u010dnost DS Automobiles nov\u00fd zp\u016fsob, jak objevovat sv\u011bt. Ke ka\u017ed\u00e9mu ze sv\u00fdch \u010dty\u0159 model\u016f &#8211; DS 3, DS N\u00b04, DS 7 a DS N\u00b08 vybrala jeden rom\u00e1n Julese Verna. Ka\u017ed\u00fd model v sob\u011b skr\u00fdv\u00e1 jemn\u00e9 a evokuj\u00edc\u00ed odkazy, a to jak zven\u010d\u00ed, tak uvnit\u0159, a to prost\u0159ednictv\u00edm v\u00fdrazn\u00e9ho brandingu, specifick\u00e9ho povrchov\u00e9ho zpracov\u00e1n\u00ed a v\u00fdb\u011bru v\u00fdbavy navr\u017een\u00e9 tak, aby evokovaly sv\u011bt vizion\u00e1\u0159sk\u00e9ho autora. Promy\u0161len\u00e1, elegantn\u00ed a odv\u00e1\u017en\u00e1 cesta \u2013 p\u0159esn\u011b takov\u00e1, jakou si Jules Verne dok\u00e1zal p\u0159edstavit. <\/span><\/span><\/p>\n<p align=\"left\"><span style=\"font-size: large\"><span style=\"font-family: Verdana, sans-serif\">Nejinak je tomu u modelu DS N\u00b04, kter\u00fd jsme m\u011bli nyn\u00ed mo\u017enost vyzkou\u0161et a to jak v benz\u00ednov\u00e9, tak elektrick\u00e9 verzi. <\/span><span style=\"font-family: Verdana, sans-serif\">DS N\u00b04 <\/span><span style=\"font-family: Verdana, sans-serif\">Jules Verne byl inspirovan\u00fd <\/span><span style=\"font-family: Verdana, sans-serif\">knihou<\/span><span style=\"font-family: Verdana, sans-serif\"> &#8222;Cesta kolem sv\u011bta za 80 dn\u00ed&#8220;. V\u016fz <\/span><span style=\"font-family: Verdana, sans-serif\">stoj\u00edc\u00ed na platform\u011b EMP 2 V3 <\/span><span style=\"font-family: Verdana, sans-serif\">byl <\/span><span style=\"font-family: Verdana, sans-serif\">sice <\/span><span style=\"font-family: Verdana, sans-serif\">navr\u017een\u00fd v Pa\u0159\u00ed\u017ei, ale vyr\u00e1b\u00ed se v N\u011bmecku v tov\u00e1rn\u011b Opelu v R\u00fcsselsheimu. <\/span><span style=\"font-family: Verdana, sans-serif\">Na d\u00e9lku m\u011b\u0159\u00ed 4400 cm p\u0159i rozvoru 2680 mm. <\/span><\/span><\/p>\n<p align=\"left\"><span style=\"font-size: large\"><b><span style=\"font-family: Verdana, sans-serif\">M<\/span><span style=\"font-family: Verdana, sans-serif\">otorizace<\/span><\/b><\/span><\/p>\n<p align=\"left\"><span style=\"font-size: large\"><span style=\"font-family: Verdana, sans-serif\">Dod\u00e1v\u00e1 se jako samonab\u00edjec\u00ed hybrid, kter\u00fd se skl\u00e1d\u00e1 z benzinov\u00e9ho t\u0159\u00edv\u00e1lce o objemu 1,2 litru s kombinovan\u00fdm v\u00fdkonem 145 kon\u00ed. Plug-in hybrid m\u00e1 \u010dty\u0159v\u00e1lcovou \u0161estn\u00e1ctistovku, kombinovan\u00fd v\u00fdkon 225 kon\u00ed a akumul\u00e1tor o kapacit\u011b 14,6 kWh, se kter\u00fdm ujede na jedno nabit\u00ed a\u017e 81 kilometr\u016f. Elektrick\u00e1 verze E-Tense s elektromotorem o v\u00fdkonu 213 kon\u00ed a akumul\u00e1torem o kapacit\u011b 60 kWh slibuje dojezd 450 kilometr\u016f, co\u017e se n\u00e1m i v testu potvrdilo. U v\u0161ech model\u016f je samoz\u0159ejmost\u00ed pohon p\u0159edn\u00edch kol a automatick\u00e1 p\u0159evodovka. <\/span><\/span><\/p>\n<p align=\"left\"><span style=\"font-size: large\"><b><span style=\"font-family: Verdana, sans-serif\">B<\/span><span style=\"font-family: Verdana, sans-serif\">ohat\u00e1 luxusn\u00ed v\u00fdbava<\/span><\/b><\/span><\/p>\n<p align=\"left\"><span style=\"font-family: Verdana, sans-serif\"><span style=\"font-size: large\">P<\/span><\/span><span style=\"font-family: Verdana, sans-serif\"><span style=\"font-size: large\">okud se t\u00fdk\u00e1 v\u00fdbavy, k \u0161irok\u00e9 z\u00e1kladn\u00ed v\u00fdbav\u011b je v p\u0159\u00edpad\u011b edice Jules Verne zapot\u0159eb\u00ed p\u0159idat je\u0161t\u011b modr\u00fd interi\u00e9r \u010daloun\u011bn\u00fd Alcantarou, mas\u00e1\u017en\u00ed funkci p\u0159edn\u00edch sedadel, vyh\u0159\u00edvan\u00fd volant, bezdr\u00e1tov\u00e9 nab\u00edjen\u00ed telefonu, bezkl\u00ed\u010dov\u00fd vstup nebo brou\u0161en\u00e1 19palcov\u00e1 kola. Co\u017e je jist\u011b zaj\u00edmav\u00e9, kdy\u017e si uv\u011bdom\u00edme, \u017ee ji\u017e v z\u00e1kladn\u00ed v\u00fdbav\u011b m\u00e1 <\/span><\/span><span style=\"font-family: Verdana, sans-serif\"><span style=\"font-size: large\">DS N\u00b04 <\/span><\/span><span style=\"font-family: Verdana, sans-serif\"><span style=\"font-size: large\">nap\u0159\u00edklad \u0161est airbag\u016f, bezkl\u00ed\u010dov\u00e9 startov\u00e1n\u00ed, 19palcov\u00e1 lit\u00e1 kola, adaptivn\u00ed tempomat, parkovac\u00ed senzory, parkovac\u00ed kameru, LED sv\u011btla, automatick\u00e9 p\u0159ep\u00edn\u00e1n\u00ed d\u00e1lkov\u00fdch sv\u011btel, du\u00e1ln\u00ed klimu, v\u00fdh\u0159ev sedadel, bedern\u00ed op\u011brku p\u0159edn\u00edch sedadel, elektrochromatick\u00e9 st\u0159edov\u00e9 zrc\u00e1tko nebo infosyst\u00e9m s\u00a0podporou Apple CarPlay a\u00a0Android Auto. <\/span><\/span><\/p>\n<p align=\"left\"><span style=\"font-family: Verdana, sans-serif\"><span style=\"font-size: large\"><b>Kde hledat stopy Julese Verna?<\/b><\/span><\/span><\/p>\n<p align=\"left\"><span style=\"font-size: large\"><span style=\"font-family: Verdana, sans-serif\">V interi\u00e9ru zejm\u00e9na v\u00a0modr\u00e9 alcanta\u0159e, j\u00ed\u017e jsou \u010daloun\u011bn\u00e1 sedadla, centr\u00e1ln\u00ed tunel nebo v\u00fdpln\u011b dve\u0159\u00ed. Na hlavov\u00fdch op\u011brk\u00e1ch z\u00e1\u0159\u00ed vy\u0161it\u00e9 podpisy spisovatele, na palubn\u00ed desce z\u010d\u00e1sti \u010daloun\u011bn\u00e9 sv\u011btl\u00fdm dekorem zase motiv <\/span><span style=\"font-family: Verdana, sans-serif\">z rom\u00e1nu<\/span><span style=\"font-family: Verdana, sans-serif\">. K tomu p\u00e1r drobn\u00fdch dekor\u016f a\u00a0m\u00e1te p\u011bknou edici s\u00a0unik\u00e1tn\u011b zbarvenou kabinou. <\/span><span style=\"font-family: Verdana, sans-serif\">V exteri\u00e9ru <\/span><span style=\"font-family: Verdana, sans-serif\">na sebe <\/span><span style=\"font-family: Verdana, sans-serif\">pak nejv\u00fdrazn\u011bji <\/span><span style=\"font-family: Verdana, sans-serif\">upout\u00e1 <\/span><span style=\"font-family: Verdana, sans-serif\">chromovan<\/span><span style=\"font-family: Verdana, sans-serif\">\u00e9<\/span><span style=\"font-family: Verdana, sans-serif\"> log<\/span><span style=\"font-family: Verdana, sans-serif\">o<\/span><span style=\"font-family: Verdana, sans-serif\"> a spisovatel<\/span><span style=\"font-family: Verdana, sans-serif\">\u016fv podpis<\/span><span style=\"font-family: Verdana, sans-serif\"> na kapot\u011b.<\/span> <\/span><\/p>\n<p align=\"left\"><span style=\"font-size: large\"><span style=\"font-family: Verdana, sans-serif\">Co \u0159\u00edci z\u00e1v\u011brem. <\/span><span style=\"font-family: Verdana, sans-serif\">M\u016f\u017eete si b\u00fdt jisti, \u017ee s<\/span> <span style=\"font-family: Verdana, sans-serif\">DS N\u00b04 Jules Verne budete <\/span><span style=\"font-family: Verdana, sans-serif\">objevovat nov\u00e9 dimenze cestov\u00e1n\u00ed. <\/span><\/span><\/p>\n<p align=\"left\">\n","protected":false},"excerpt":{"rendered":"<p>Prost\u0159ednictv\u00edm avantgardn\u00edho designu a vysp\u011bl\u00fdch technologi\u00ed nab\u00edz\u00ed spole\u010dnost DS Automobiles nov\u00fd zp\u016fsob, jak objevovat sv\u011bt&#8230;.<\/p>\n","protected":false},"author":3,"featured_media":541,"comment_status":"closed","ping_status":"closed","sticky":false,"template":"","format":"standard","meta":{"footnotes":""},"categories":[1],"tags":[],"class_list":["post-540","post","type-post","status-publish","format-standard","has-post-thumbnail","hentry","category-uncategorized"],"_links":{"self":[{"href":"https:\/\/www.partyweb.cz\/index.php?rest_route=\/wp\/v2\/posts\/540","targetHints":{"allow":["GET"]}}],"collection":[{"href":"https:\/\/www.partyweb.cz\/index.php?rest_route=\/wp\/v2\/posts"}],"about":[{"href":"https:\/\/www.partyweb.cz\/index.php?rest_route=\/wp\/v2\/types\/post"}],"author":[{"embeddable":true,"href":"https:\/\/www.partyweb.cz\/index.php?rest_route=\/wp\/v2\/users\/3"}],"replies":[{"embeddable":true,"href":"https:\/\/www.partyweb.cz\/index.php?rest_route=%2Fwp%2Fv2%2Fcomments&post=540"}],"version-history":[{"count":3,"href":"https:\/\/www.partyweb.cz\/index.php?rest_route=\/wp\/v2\/posts\/540\/revisions"}],"predecessor-version":[{"id":544,"href":"https:\/\/www.partyweb.cz\/index.php?rest_route=\/wp\/v2\/posts\/540\/revisions\/544"}],"wp:featuredmedia":[{"embeddable":true,"href":"https:\/\/www.partyweb.cz\/index.php?rest_route=\/wp\/v2\/media\/541"}],"wp:attachment":[{"href":"https:\/\/www.partyweb.cz\/index.php?rest_route=%2Fwp%2Fv2%2Fmedia&parent=540"}],"wp:term":[{"taxonomy":"category","embeddable":true,"href":"https:\/\/www.partyweb.cz\/index.php?rest_route=%2Fwp%2Fv2%2Fcategories&post=540"},{"taxonomy":"post_tag","embeddable":true,"href":"https:\/\/www.partyweb.cz\/index.php?rest_route=%2Fwp%2Fv2%2Ftags&post=540"}],"curies":[{"name":"wp","href":"https:\/\/api.w.org\/{rel}","templated":true}]}}