{"id":506,"date":"2026-01-14T21:49:50","date_gmt":"2026-01-14T21:49:50","guid":{"rendered":"https:\/\/www.partyweb.cz\/?p=506"},"modified":"2026-01-14T21:49:50","modified_gmt":"2026-01-14T21:49:50","slug":"retromobile-od-ds-generala-de-gaulla-po-ds-n8-presidential","status":"publish","type":"post","link":"https:\/\/www.partyweb.cz\/?p=506","title":{"rendered":"R\u00e9tromobile &#8211; Od DS gener\u00e1la de Gaulla po DS N\u00b08 Presidential"},"content":{"rendered":"<p><span style=\"font-family: Verdana, sans-serif\"><span style=\"font-size: large\">Od 28. ledna do 1. \u00fanora 2026 se uskute\u010dn\u00ed v Pa\u0159\u00ed\u017ei, Porte de Versailles, pades\u00e1t\u00fd ro\u010dn\u00edk v\u00fdstavy R\u00e9tromobile, j\u00ed\u017e se se z\u00fa\u010dastn\u00ed automobilka DS Automobiles zcela nov\u00fdm st\u00e1nkem na plo\u0161e 250 m\u00b2.<br \/>\n<\/span><\/span><\/p>\n<p><span style=\"font-family: Verdana, sans-serif\"><span style=\"font-size: large\">St\u011bny vymezuj\u00edc\u00ed tento prostor budou oblo\u017eeny kovem v \u0161ampa\u0148sk\u00e9m zbarven\u00ed, st\u0159\u00eddaj\u00edc\u00edm se s \u010dernou, a p\u0159edstav\u00ed nov\u00e9 estetick\u00e9 k\u00f3dy, kter\u00e9 maj\u00ed ur\u010dovat vesm\u00edrn\u00e9 zna\u010dky a z\u00e1rove\u0148 n\u00e1v\u0161t\u011bvn\u00edk\u016fm nab\u00eddnout pohlcuj\u00edc\u00ed z\u00e1\u017eitek pln\u00fd elegance a pohody. V\u00fdstavn\u00ed prostor p\u0159edstav\u00ed \u010dty\u0159i v\u00fdjime\u010dn\u00e9 prezidentsk\u00e1 vozy, kter\u00e9 se poprv\u00e9 spoj\u00ed na akci takov\u00e9ho rozsahu.<\/span><\/span><\/p>\n<p><span style=\"font-family: Verdana, sans-serif\"><span style=\"font-size: large\"><b>DS, SM, DS A<\/b><b>utomobiles a prezidenti na fotografi\u00edch<\/b><\/span><\/span><\/p>\n<p><span style=\"font-family: Verdana, sans-serif\"><span style=\"font-size: large\">Prezidentsk\u00fd \u00fa\u0159ad Francouzsk\u00e9 republiky m\u011bl v\u017edy zvl\u00e1\u0161tn\u00ed vztah k model\u016fm DS a SM a nyn\u00ed i k automobil\u016fm DS. Historick\u00e1 spolupr\u00e1ce ilustrovan\u00e1 poskytnut\u00edm mnoha symbolick\u00fdch vozidel, po\u010d\u00ednaje DS 19 poskytnut\u00e9ho gener\u00e1lu de Gaullovi v roce 1958. Tento vztah pokra\u010doval v pr\u016fb\u011bhu desetilet\u00ed prost\u0159ednictv\u00edm v\u00fdznamn\u00fdch model\u016f, jako jsou ty, je\u017e jsou nyn\u00ed vystaveny na st\u00e1nku DS Automobiles na R\u00e9tromobile. <\/span><\/span><\/p>\n<p><span style=\"font-family: Verdana, sans-serif\"><span style=\"font-size: large\">Tento vztah pokra\u010doval d\u00e1le s kabrioletem DS 5 pou\u017eit\u00fdm p\u0159i inauguraci Fran\u00e7oise Hollanda 15. kv\u011btna 2012, kter\u00fd se pozd\u011bji stal ofici\u00e1ln\u00edm vozidlem prezidentsk\u00e9ho \u00fa\u0159adu v pln\u011b vybaven\u00e9 verzi, nebo prezidentsk\u00fdm DS 7 Crossback p\u0159i inauguraci Emmanuela Macrona 14. kv\u011btna 2017, \u010di DS 7 Crossback \u00c9lys\u00e9e. Ten byl ofici\u00e1ln\u00edm vozidlem prezidentsk\u00e9ho \u00fa\u0159adu mezi listopadem 2021 a \u010dervnem 2022, pot\u00e9 od \u010dervence 2022 p\u0159evzal \u0161tafetu v\u016fz DS 7 \u00c9lys\u00e9e.<\/span><\/span><\/p>\n<p><span style=\"font-family: Verdana, sans-serif\"><span style=\"font-size: large\">Pr\u00e1v\u011b v tomto kontextu budou m\u00edt n\u00e1v\u0161t\u011bvn\u00edci p\u0159\u00edle\u017eitost objevit fotografickou v\u00fdstavu v\u011bnovanou prezidentsk\u00fdm DS a SM, kter\u00e1 obrazem zachycuje jedine\u010dn\u00fd vztah mezi v\u00fdjime\u010dn\u00fdm francouzsk\u00fdm<br \/>\nautomobilem a prezidentsk\u00fdm \u00fa\u0159adem Francouzsk\u00e9 republiky.<\/span><\/span><\/p>\n","protected":false},"excerpt":{"rendered":"<p>Od 28. ledna do 1. \u00fanora 2026 se uskute\u010dn\u00ed v Pa\u0159\u00ed\u017ei, Porte de Versailles, pades\u00e1t\u00fd&#8230;<\/p>\n","protected":false},"author":3,"featured_media":507,"comment_status":"closed","ping_status":"closed","sticky":false,"template":"","format":"standard","meta":{"footnotes":""},"categories":[1],"tags":[],"class_list":["post-506","post","type-post","status-publish","format-standard","has-post-thumbnail","hentry","category-uncategorized"],"_links":{"self":[{"href":"https:\/\/www.partyweb.cz\/index.php?rest_route=\/wp\/v2\/posts\/506","targetHints":{"allow":["GET"]}}],"collection":[{"href":"https:\/\/www.partyweb.cz\/index.php?rest_route=\/wp\/v2\/posts"}],"about":[{"href":"https:\/\/www.partyweb.cz\/index.php?rest_route=\/wp\/v2\/types\/post"}],"author":[{"embeddable":true,"href":"https:\/\/www.partyweb.cz\/index.php?rest_route=\/wp\/v2\/users\/3"}],"replies":[{"embeddable":true,"href":"https:\/\/www.partyweb.cz\/index.php?rest_route=%2Fwp%2Fv2%2Fcomments&post=506"}],"version-history":[{"count":1,"href":"https:\/\/www.partyweb.cz\/index.php?rest_route=\/wp\/v2\/posts\/506\/revisions"}],"predecessor-version":[{"id":508,"href":"https:\/\/www.partyweb.cz\/index.php?rest_route=\/wp\/v2\/posts\/506\/revisions\/508"}],"wp:featuredmedia":[{"embeddable":true,"href":"https:\/\/www.partyweb.cz\/index.php?rest_route=\/wp\/v2\/media\/507"}],"wp:attachment":[{"href":"https:\/\/www.partyweb.cz\/index.php?rest_route=%2Fwp%2Fv2%2Fmedia&parent=506"}],"wp:term":[{"taxonomy":"category","embeddable":true,"href":"https:\/\/www.partyweb.cz\/index.php?rest_route=%2Fwp%2Fv2%2Fcategories&post=506"},{"taxonomy":"post_tag","embeddable":true,"href":"https:\/\/www.partyweb.cz\/index.php?rest_route=%2Fwp%2Fv2%2Ftags&post=506"}],"curies":[{"name":"wp","href":"https:\/\/api.w.org\/{rel}","templated":true}]}}