{"id":497,"date":"2026-01-12T07:58:59","date_gmt":"2026-01-12T07:58:59","guid":{"rendered":"https:\/\/www.partyweb.cz\/?p=497"},"modified":"2026-01-12T07:58:59","modified_gmt":"2026-01-12T07:58:59","slug":"nova-astra-zarila-na-autosalonu-v-bruselu","status":"publish","type":"post","link":"https:\/\/www.partyweb.cz\/?p=497","title":{"rendered":"Nov\u00e1 Astra z\u00e1\u0159ila na autosalonu v\u00a0Bruselu"},"content":{"rendered":"<p class=\"western\" align=\"left\"><span style=\"font-family: Verdana, sans-serif\"><span style=\"font-size: large\">Je\u0161t\u011b modern\u011bj\u0161\u00ed, je\u0161t\u011b v\u00fdrazn\u011bj\u0161\u00ed: Nov\u00fd Opel Astra s podsv\u00edcen\u00fdm logem \u201eBlitz\u201c, sv\u011btlomety Intelli-Lux HD a elektrick\u00fdm dojezdem a\u017e 454 km (WLTP) byl p\u0159edstaven na autosalonu v Bruselu. Nejnov\u011bj\u0161\u00ed verze bestselleru kompaktn\u00ed t\u0159\u00eddy je v\u00fdrazn\u011bj\u0161\u00ed, modern\u011bj\u0161\u00ed a l\u00e1kav\u011bj\u0161\u00ed ne\u017e kdy d\u0159\u00edve. <\/span><\/span><\/p>\n<p class=\"western\" align=\"left\"><span style=\"font-family: Verdana, sans-serif\"><span style=\"font-size: large\">Nov\u00e1 Astra p\u0159edstavuje dal\u0161\u00ed v\u00fdznamn\u00fd krok v 90-let\u00e9 historii kompaktn\u00ed t\u0159\u00eddy a op\u011bt p\u0159in\u00e1\u0161\u00ed do sv\u00e9ho segmentu vysoce inovativn\u00ed prvky, Jedn\u00edm z nich jsou \u0161pi\u010dkov\u00e1 LED-matrixov\u00e1 sv\u011btla Intelli-Lux HD, kter\u00e1 se nyn\u00ed pou\u017e\u00edvaj\u00ed v nov\u00fdch modelech Astra a Astra Sports Tourer. V\u00edce ne\u017e 50 000 LED element\u016f ve sv\u011btlometech zaji\u0161\u0165uje, \u017ee vozovka, dopravn\u00ed zna\u010dky, p\u0159ek\u00e1\u017eky i chodci jsou osv\u011btleni s\u00a0dosud nev\u00eddanou dokonalost\u00ed, a p\u0159itom sv\u011btlomety neosl\u0148uj\u00ed ostatn\u00ed \u0159idi\u010de.<\/span><\/span><\/p>\n<p class=\"western\" align=\"left\"><span style=\"font-family: Verdana, sans-serif\"><span style=\"font-size: large\"><br \/>\n<\/span><\/span><span style=\"font-family: Verdana, sans-serif\"><span style=\"font-size: large\">Sv\u011btlo je tak\u00e9 rozhoduj\u00edc\u00edm prvkem, pokud jde o \u201etv\u00e1\u0159\u201c nov\u00e9ho modelu Astra: Logo \u201eBlitz\u201c zna\u010dky Opel v\u00a0\u010deln\u00ed masce je poprv\u00e9 trvale podsv\u011btleno, tak\u017ee novou Astru nelze v\u00a0z\u00e1plav\u011b jin\u00fdch automobil\u016f p\u0159ehl\u00e9dnout.<\/span><\/span><\/p>\n<p class=\"western\" align=\"left\"><span style=\"font-family: Verdana, sans-serif\"><span style=\"font-size: large\"><br \/>\nAstra v\u00a0nov\u00e9m vyd\u00e1n\u00ed prot\u011b\u017euje i ekologick\u00e9 aspekty: V\u0161echna sedadla jsou vyrobena ze 100% recyklovateln\u00fdch materi\u00e1l\u016f. A jsou samoz\u0159ejm\u011b i pohodln\u00e1 a \u201ezdrav\u00e1\u201c, proto\u017ee u\u017e z\u00e1kladn\u00ed verze maj\u00ed vysoce ergonomick\u00e1 sedadla Intelli-Seats.<\/span><\/span><\/p>\n<p class=\"western\" align=\"left\"><span style=\"font-family: Verdana, sans-serif\"><span style=\"font-size: large\"><br \/>\nDal\u0161\u00ed v\u00fdhodou nov\u00e9 Astry z\u00a0pohledu z\u00e1kazn\u00edk\u016f je \u0161irok\u00e1 \u0161k\u00e1la pohonn\u00fdch syst\u00e9m\u016f \u2013 nab\u00eddka sah\u00e1 od vzn\u011btov\u00e9ho motoru p\u0159es z\u00e1\u017eehov\u00fd 48 V mild-hybridn\u00ed agreg\u00e1t, d\u00e1le v\u00fdkonnou plug-in hybridn\u00ed jednotku a\u017e po \u010dist\u011b elektrickou BEV verzi, kter\u00e1 se nyn\u00ed chlub\u00ed dojezdem a\u017e 454 km (WLTP).<\/span><\/span><\/p>\n","protected":false},"excerpt":{"rendered":"<p>Je\u0161t\u011b modern\u011bj\u0161\u00ed, je\u0161t\u011b v\u00fdrazn\u011bj\u0161\u00ed: Nov\u00fd Opel Astra s podsv\u00edcen\u00fdm logem \u201eBlitz\u201c, sv\u011btlomety Intelli-Lux HD a&#8230;<\/p>\n","protected":false},"author":3,"featured_media":498,"comment_status":"closed","ping_status":"closed","sticky":false,"template":"","format":"standard","meta":{"footnotes":""},"categories":[1],"tags":[],"class_list":["post-497","post","type-post","status-publish","format-standard","has-post-thumbnail","hentry","category-uncategorized"],"_links":{"self":[{"href":"https:\/\/www.partyweb.cz\/index.php?rest_route=\/wp\/v2\/posts\/497","targetHints":{"allow":["GET"]}}],"collection":[{"href":"https:\/\/www.partyweb.cz\/index.php?rest_route=\/wp\/v2\/posts"}],"about":[{"href":"https:\/\/www.partyweb.cz\/index.php?rest_route=\/wp\/v2\/types\/post"}],"author":[{"embeddable":true,"href":"https:\/\/www.partyweb.cz\/index.php?rest_route=\/wp\/v2\/users\/3"}],"replies":[{"embeddable":true,"href":"https:\/\/www.partyweb.cz\/index.php?rest_route=%2Fwp%2Fv2%2Fcomments&post=497"}],"version-history":[{"count":1,"href":"https:\/\/www.partyweb.cz\/index.php?rest_route=\/wp\/v2\/posts\/497\/revisions"}],"predecessor-version":[{"id":499,"href":"https:\/\/www.partyweb.cz\/index.php?rest_route=\/wp\/v2\/posts\/497\/revisions\/499"}],"wp:featuredmedia":[{"embeddable":true,"href":"https:\/\/www.partyweb.cz\/index.php?rest_route=\/wp\/v2\/media\/498"}],"wp:attachment":[{"href":"https:\/\/www.partyweb.cz\/index.php?rest_route=%2Fwp%2Fv2%2Fmedia&parent=497"}],"wp:term":[{"taxonomy":"category","embeddable":true,"href":"https:\/\/www.partyweb.cz\/index.php?rest_route=%2Fwp%2Fv2%2Fcategories&post=497"},{"taxonomy":"post_tag","embeddable":true,"href":"https:\/\/www.partyweb.cz\/index.php?rest_route=%2Fwp%2Fv2%2Ftags&post=497"}],"curies":[{"name":"wp","href":"https:\/\/api.w.org\/{rel}","templated":true}]}}