{"id":490,"date":"2026-01-02T21:05:21","date_gmt":"2026-01-02T21:05:21","guid":{"rendered":"https:\/\/www.partyweb.cz\/?p=490"},"modified":"2026-01-02T21:05:21","modified_gmt":"2026-01-02T21:05:21","slug":"team-dacia-sandriders-na-rallye-dakar","status":"publish","type":"post","link":"https:\/\/www.partyweb.cz\/?p=490","title":{"rendered":"Team Dacia Sandriders na Rallye Dakar"},"content":{"rendered":"<p><span style=\"font-family: Verdana, sans-serif\"><span style=\"font-size: large\">Dacia Sandriders se podruh\u00e9 pust\u00ed do nejn\u00e1ro\u010dn\u011bj\u0161\u00edho dobrodru\u017estv\u00ed motoristick\u00e9ho sportu, kdy\u017e se od 3. do 17. ledna z\u00fa\u010dastn\u00ed Rallye Dakar, \u00favodn\u00edho kola mistrovstv\u00ed sv\u011bta FIA v rallye-raid (W2RC) 2026. Po v\u00edt\u011bzstv\u00ed v etap\u011b p\u0159i sv\u00e9m debutu na Rallye Dakar p\u0159ed dvan\u00e1cti m\u011bs\u00edci \u2013 a dvou v\u00edt\u011bzstv\u00edch v lo\u0148sk\u00e9 sez\u00f3n\u011b W2RC \u2013 se t\u00fdm Dacia Sandriders vrac\u00ed do Sa\u00fadsk\u00e9 Ar\u00e1bie se \u010dty\u0159\u010dlennou sestavou, kter\u00e1 bude usilovat o dal\u0161\u00ed \u00fasp\u011bchy v jednom z nejn\u00e1ro\u010dn\u011bj\u0161\u00edch ter\u00e9n\u016f.<\/span><\/span><\/p>\n<p><span style=\"font-family: Verdana, sans-serif\"><span style=\"font-size: large\">\u010cty\u0159ic\u00e1t\u00fdosm\u00fd ro\u010dn\u00edk Rallye Dakar, sedm\u00fd v Sa\u00fadsk\u00e9 Ar\u00e1bii, se skl\u00e1d\u00e1 z 4.840 sout\u011b\u017en\u00edch kilometr\u016f a celkov\u00e9 vzd\u00e1lenosti 7.994 kilometr\u016f rozd\u011blen\u00fdch do t\u0159in\u00e1cti etap. Akce za\u010d\u00edn\u00e1 3. ledna prologem na 23 kilometrov\u00e9 \u010dasovan\u00e9 trase kolem Yanbu, kter\u00fd slou\u017e\u00ed k ur\u010den\u00ed startovn\u00edho po\u0159ad\u00ed pro \u00favodn\u00ed etapu.<\/span><\/span><\/p>\n<p><span style=\"font-family: Verdana, sans-serif\"><span style=\"font-size: large\">Prvn\u00ed etapa 4. ledna startuje a kon\u010d\u00ed v Yanbu, pot\u00e9 se akce p\u0159esune na sever do Aluly a pot\u00e9 na v\u00fdchod do Hailu p\u0159es prvn\u00ed ze dvou marat\u00f3nsk\u00fdch etap. Form\u00e1t vy\u017eaduje, aby pos\u00e1dky p\u0159enocovaly v odlehl\u00fdch t\u00e1borech s omezen\u00fdmi zdroji a bez technick\u00e9 podpory sv\u00fdch t\u00fdm\u016f. Sout\u011b\u017e doraz\u00ed do Hailu 8. ledna s 920 kilometr\u016f dlouhou \u0161estou etapou \u2013 nejdel\u0161\u00ed etapou rallye \u2013 kter\u00e1 bude n\u00e1sledovat p\u0159ed odpo\u010dinkov\u00fdm dnem v Rij\u00e1du, hlavn\u00edm m\u011bst\u011b Sa\u00fadsk\u00e9 Ar\u00e1bie.<\/span><\/span><\/p>\n<p><span style=\"font-family: Verdana, sans-serif\"><span style=\"font-size: large\">Z\u00e1vod zp\u011bt do Yanbu za\u010d\u00edn\u00e1 11. ledna a zahrnuje smy\u010dkovou etapu Wadi Ad-Dawasir. S d\u00e9lkou 481 kilometr\u016f nen\u00ed na t\u00e9to akci \u017e\u00e1dn\u00e1 m\u011b\u0159en\u00e1 sekce del\u0161\u00ed. Druh\u00e1 maratonsk\u00e1 etapa za\u010d\u00edn\u00e1 13. ledna a rozhoduj\u00edc\u00ed t\u0159in\u00e1ct\u00e1 etapa startuje a kon\u010d\u00ed v Yanbu 17. ledna. O\u010dek\u00e1v\u00e1 se, \u017ee denn\u00ed teploty se budou pohybovat mezi jeden\u00e1cti a jednadvaceti stupni Celsia, zat\u00edmco v noci budou pravd\u011bpodobn\u011b kol\u00edsat mezi nulou a \u0161esti stupni.<\/span><\/span><\/p>\n","protected":false},"excerpt":{"rendered":"<p>Dacia Sandriders se podruh\u00e9 pust\u00ed do nejn\u00e1ro\u010dn\u011bj\u0161\u00edho dobrodru\u017estv\u00ed motoristick\u00e9ho sportu, kdy\u017e se od 3. do&#8230;<\/p>\n","protected":false},"author":3,"featured_media":491,"comment_status":"closed","ping_status":"closed","sticky":false,"template":"","format":"standard","meta":{"footnotes":""},"categories":[1],"tags":[],"class_list":["post-490","post","type-post","status-publish","format-standard","has-post-thumbnail","hentry","category-uncategorized"],"_links":{"self":[{"href":"https:\/\/www.partyweb.cz\/index.php?rest_route=\/wp\/v2\/posts\/490","targetHints":{"allow":["GET"]}}],"collection":[{"href":"https:\/\/www.partyweb.cz\/index.php?rest_route=\/wp\/v2\/posts"}],"about":[{"href":"https:\/\/www.partyweb.cz\/index.php?rest_route=\/wp\/v2\/types\/post"}],"author":[{"embeddable":true,"href":"https:\/\/www.partyweb.cz\/index.php?rest_route=\/wp\/v2\/users\/3"}],"replies":[{"embeddable":true,"href":"https:\/\/www.partyweb.cz\/index.php?rest_route=%2Fwp%2Fv2%2Fcomments&post=490"}],"version-history":[{"count":1,"href":"https:\/\/www.partyweb.cz\/index.php?rest_route=\/wp\/v2\/posts\/490\/revisions"}],"predecessor-version":[{"id":492,"href":"https:\/\/www.partyweb.cz\/index.php?rest_route=\/wp\/v2\/posts\/490\/revisions\/492"}],"wp:featuredmedia":[{"embeddable":true,"href":"https:\/\/www.partyweb.cz\/index.php?rest_route=\/wp\/v2\/media\/491"}],"wp:attachment":[{"href":"https:\/\/www.partyweb.cz\/index.php?rest_route=%2Fwp%2Fv2%2Fmedia&parent=490"}],"wp:term":[{"taxonomy":"category","embeddable":true,"href":"https:\/\/www.partyweb.cz\/index.php?rest_route=%2Fwp%2Fv2%2Fcategories&post=490"},{"taxonomy":"post_tag","embeddable":true,"href":"https:\/\/www.partyweb.cz\/index.php?rest_route=%2Fwp%2Fv2%2Ftags&post=490"}],"curies":[{"name":"wp","href":"https:\/\/api.w.org\/{rel}","templated":true}]}}