{"id":364,"date":"2025-09-25T21:42:45","date_gmt":"2025-09-25T21:42:45","guid":{"rendered":"https:\/\/www.partyweb.cz\/?p=364"},"modified":"2025-09-25T21:59:02","modified_gmt":"2025-09-25T21:59:02","slug":"restaurant-week-po-dva-mesice-v-ceskych-mestech","status":"publish","type":"post","link":"https:\/\/www.partyweb.cz\/?p=364","title":{"rendered":"Restaurant Week po dva m\u011bs\u00edce v \u010desk\u00fdch m\u011bstech"},"content":{"rendered":"<p align=\"left\"><span style=\"font-family: Verdana, sans-serif\"><span style=\"font-size: large\">V<\/span><\/span><span style=\"font-family: Verdana, sans-serif\"><span style=\"font-size: large\"> pra\u017esk\u00fdch, brn\u011bnsk\u00fdch, plze\u0148sk\u00fdch a ostravsk\u00fdch \u0161pi\u010dkov\u00fdch restaurac\u00edch <\/span><\/span><span style=\"font-family: Verdana, sans-serif\"><span style=\"font-size: large\">bude pat\u0159it \u0159\u00edjen <\/span><\/span><span style=\"font-family: Verdana, sans-serif\"><span style=\"font-size: large\">a listopad <\/span><\/span><span style=\"font-family: Verdana, sans-serif\"><span style=\"font-size: large\">kulin\u00e1\u0159sk\u00e9mu festivalu Restaurant Week. S podrobnostmi festivalu sezn\u00e1mila novin\u00e1\u0159e na tiskov\u00e9 konferenci <\/span><\/span><span style=\"font-family: Verdana, sans-serif\"><span style=\"font-size: large\">v restauraci Garden\u00b4s <\/span><\/span><span style=\"font-family: Verdana, sans-serif\"><span style=\"font-size: large\">Anna Grosmanov\u00e1 alias Foodpioneer, \u00fasp\u011b\u0161n\u00e1 foodblogerka, kter\u00e1 za akc\u00ed v \u010cesk\u00e9 republice stoj\u00ed od jej\u00edho po\u010d\u00e1tku. <\/span><\/span><\/p>\n<p align=\"left\"><span style=\"font-family: Verdana, sans-serif\"><span style=\"font-size: large\">Restaurant Week se konal poprv\u00e9 v New Yorku v roce 1992. Jeho zakladatel\u00e9 Tim Zagat a Joe Baum tehdy v\u016fbec netu\u0161ili, \u017ee se z p\u016fvodn\u011b \u010dty\u0159denn\u00ed akce pro report\u00e9ry Demokratick\u00e9ho n\u00e1rodn\u00edho shrom\u00e1\u017ed\u011bn\u00ed stane tradice a to nejen v New Yorku, ale i v dal\u0161\u00edch m\u011bstech Spojen\u00fdch st\u00e1t\u016f i jinde ve sv\u011bt\u011b. My\u0161lenka festivalu se na evropsk\u00e9m kontinentu uchytila hlavn\u011b v Lond\u00fdn\u011b a dal\u0161\u00edch velk\u00fdch m\u011bstech, m<\/span><\/span><span style=\"font-family: Verdana, sans-serif\"><span style=\"font-size: large\">imo jin\u00e9<\/span><\/span><span style=\"font-family: Verdana, sans-serif\"><span style=\"font-size: large\"> i v \u010cesk\u00e9 republice.<\/span><\/span><\/p>\n<p align=\"left\"><span style=\"font-family: Verdana, sans-serif\"><span style=\"font-size: large\">Do podzimn\u00edho ro\u010dn\u00edku se zapoj\u00ed mnoho restaurac\u00ed <\/span><\/span><span style=\"font-family: Verdana, sans-serif\"><span style=\"font-size: large\">zn\u00e1m\u00fdch <\/span><\/span><span style=\"font-family: Verdana, sans-serif\"><span style=\"font-size: large\">z minul\u00fdch let <\/span><\/span><span style=\"font-family: Verdana, sans-serif\"><span style=\"font-size: large\">jako<\/span><\/span><span style=\"font-family: Verdana, sans-serif\"><span style=\"font-size: large\"> nap\u0159\u00edklad Garden\u2019s, Dejvick\u00e1 34, River\u2019s smokelab. T\u011b\u0161it se m\u016f\u017ee<\/span><\/span><span style=\"font-family: Verdana, sans-serif\"><span style=\"font-size: large\">m<\/span><\/span><span style=\"font-family: Verdana, sans-serif\"><span style=\"font-size: large\">e i na novinky, <\/span><\/span><span style=\"font-family: Verdana, sans-serif\"><span style=\"font-size: large\">jako<\/span><\/span> <span style=\"font-family: Verdana, sans-serif\"><span style=\"font-size: large\">jsou <\/span><\/span><span style=\"font-family: Verdana, sans-serif\"><span style=\"font-size: large\">Mazel, Finestrina a V Z\u00e1ti\u0161\u00ed. Podniky Zde\u0148ka Pohlreicha bude reprezentovat Divinis. I letos na podzim se festival zam\u011b\u0159\u00ed na hotelov\u00fd segment. \u201cSt\u00e1le se v tom opakuju a opakovat se budu i d\u00e1l, \u017ee pra\u017esk\u00e9 hotelov\u00e9 restaurace se velice podce\u0148uj\u00ed., <\/span><\/span><span style=\"font-family: Verdana, sans-serif\"><span style=\"font-size: large\">uvedla Anna Grosmanov\u00e1.<\/span><\/span><span style=\"font-family: Verdana, sans-serif\"><span style=\"font-size: large\">\u201d Ze velk\u00fd tah\u00e1k pova\u017euje nov\u011b otev\u0159en\u00fd restaurant Greenhouse ve Fairmontu, tedy b\u00fdval\u00e9m hotelu Intercontinental. Jej\u00ed slova potvr<\/span><\/span><span style=\"font-family: Verdana, sans-serif\"><span style=\"font-size: large\">dila<\/span><\/span><span style=\"font-family: Verdana, sans-serif\"><span style=\"font-size: large\"> Michaela \u017didlick\u00fd z Gault&amp;Millau <\/span><\/span><span style=\"font-family: Verdana, sans-serif\"><span style=\"font-size: large\">s t\u00edm, <\/span><\/span><span style=\"font-family: Verdana, sans-serif\"><span style=\"font-size: large\">\u017ee u\u017e na podzim vydaj\u00ed pr\u016fvodce po \u010desk\u00fdch hotelov\u00fdch restaurac\u00edch. <\/span><\/span><\/p>\n<p align=\"left\"><span style=\"font-family: Verdana, sans-serif\"><span style=\"font-size: large\">Festival funguje tak, \u017ee si zakoup\u00edte vstupenku za 490 nebo 790 K\u010d a nav\u0161t\u00edv\u00edte vybranou restauraci, kde v\u00e1m bude nab\u00eddnuto speci\u00e1ln\u00ed t\u0159\u00edchodov\u00e9 menu. Ka\u017ed\u00e1 restaurace p\u0159ipravuje v\u017edy dv\u011b r\u016fzn\u00e1 menu na v\u00fdb\u011br, vytvo\u0159en\u00e9 v\u00fdhradn\u011b pro festival a nab\u00edzej\u00edc\u00ed mo\u017enost ochutnat j\u00eddla, kter\u00e1 byste v dan\u00fdch restaurac\u00edch b\u011b\u017en\u011b nevyzkou\u0161eli. N\u00e1v\u0161t\u011bvn\u00edci si mohou na webu vybrat z r\u016fzn\u00fdch menu obsahuj\u00edc\u00ed p\u0159edkrmy, hlavn\u00ed chody a dezerty, a to v\u011bt\u0161inou i ve vegetari\u00e1nsk\u00e9, n\u011bkdy dokonce ve vegansk\u00e9 verzi. <\/span><\/span><span style=\"font-family: Verdana, sans-serif\"><span style=\"font-size: large\">Restaurace, kter\u00e9 doporu\u010duje nov\u00fd partner Makro, nab\u00eddnou krom\u011b t\u0159\u00ed chod\u016f je\u0161t\u011b p\u0159ed p\u0159edkrmem amuse bouche.<\/span><\/span> <span style=\"font-family: Verdana, sans-serif\"><span style=\"font-size: large\">Ka\u017ed\u00fd z\u00e1kazn\u00edk dostane aperitiv v podob\u011b koktejlu Martini, kter\u00fd k festivalu od za\u010d\u00e1tku pat\u0159\u00ed. <\/span><\/span><\/p>\n<p align=\"left\"><strong>\u201e<span style=\"font-family: Verdana, sans-serif\"><span style=\"font-size: large\">Vysoko nastavenou la\u0165ku si festival udr\u017e\u00ed i nad\u00e1le. N\u00e1\u0161 hlavn\u00ed c\u00edl je zaru\u010dit prvot\u0159\u00eddn\u00ed kvalitu. Aby host\u00e9 v\u011bd\u011bli, \u017ee kamkoli p\u016fjdou, nikdy nebudou zklaman\u00ed,\u201d <\/span><\/span><\/strong><strong><span style=\"font-family: Verdana, sans-serif\"><span style=\"font-size: large\">zd\u016fraz\u0148uje<\/span><\/span><\/strong><strong><span style=\"font-family: Verdana, sans-serif\"><span style=\"font-size: large\">\u00a0Anna Grosmanov\u00e1.<\/span><\/span><\/strong><\/p>\n","protected":false},"excerpt":{"rendered":"<p>V pra\u017esk\u00fdch, brn\u011bnsk\u00fdch, plze\u0148sk\u00fdch a ostravsk\u00fdch \u0161pi\u010dkov\u00fdch restaurac\u00edch bude pat\u0159it \u0159\u00edjen a listopad kulin\u00e1\u0159sk\u00e9mu festivalu&#8230;<\/p>\n","protected":false},"author":3,"featured_media":367,"comment_status":"closed","ping_status":"closed","sticky":false,"template":"","format":"standard","meta":{"footnotes":""},"categories":[1],"tags":[],"class_list":["post-364","post","type-post","status-publish","format-standard","has-post-thumbnail","hentry","category-uncategorized"],"_links":{"self":[{"href":"https:\/\/www.partyweb.cz\/index.php?rest_route=\/wp\/v2\/posts\/364","targetHints":{"allow":["GET"]}}],"collection":[{"href":"https:\/\/www.partyweb.cz\/index.php?rest_route=\/wp\/v2\/posts"}],"about":[{"href":"https:\/\/www.partyweb.cz\/index.php?rest_route=\/wp\/v2\/types\/post"}],"author":[{"embeddable":true,"href":"https:\/\/www.partyweb.cz\/index.php?rest_route=\/wp\/v2\/users\/3"}],"replies":[{"embeddable":true,"href":"https:\/\/www.partyweb.cz\/index.php?rest_route=%2Fwp%2Fv2%2Fcomments&post=364"}],"version-history":[{"count":1,"href":"https:\/\/www.partyweb.cz\/index.php?rest_route=\/wp\/v2\/posts\/364\/revisions"}],"predecessor-version":[{"id":366,"href":"https:\/\/www.partyweb.cz\/index.php?rest_route=\/wp\/v2\/posts\/364\/revisions\/366"}],"wp:featuredmedia":[{"embeddable":true,"href":"https:\/\/www.partyweb.cz\/index.php?rest_route=\/wp\/v2\/media\/367"}],"wp:attachment":[{"href":"https:\/\/www.partyweb.cz\/index.php?rest_route=%2Fwp%2Fv2%2Fmedia&parent=364"}],"wp:term":[{"taxonomy":"category","embeddable":true,"href":"https:\/\/www.partyweb.cz\/index.php?rest_route=%2Fwp%2Fv2%2Fcategories&post=364"},{"taxonomy":"post_tag","embeddable":true,"href":"https:\/\/www.partyweb.cz\/index.php?rest_route=%2Fwp%2Fv2%2Ftags&post=364"}],"curies":[{"name":"wp","href":"https:\/\/api.w.org\/{rel}","templated":true}]}}