{"id":308,"date":"2025-06-30T19:26:33","date_gmt":"2025-06-30T19:26:33","guid":{"rendered":"https:\/\/www.partyweb.cz\/?p=308"},"modified":"2025-06-30T19:26:33","modified_gmt":"2025-06-30T19:26:33","slug":"o-lidech-a-konich-na-tv-prima","status":"publish","type":"post","link":"https:\/\/www.partyweb.cz\/?p=308","title":{"rendered":"O lidech a kon\u00edch na TV Prima"},"content":{"rendered":"<p><span style=\"font-family: Verdana, sans-serif\"><span style=\"font-size: large\">Na z\u00e1vodi\u0161ti v pra\u017esk\u00e9 Chuchli p\u0159edstavila televize Prima nov\u00fd seri\u00e1l O lidech a kon\u00edch dokazuj\u00edc\u00ed, \u017ee <\/span><\/span><span style=\"font-family: Verdana, sans-serif\"><span style=\"font-size: large\">nejkr\u00e1sn\u011bj\u0161\u00ed pohled na sv\u011bt je z\u202fko\u0148sk\u00e9ho h\u0159betu a \u017ee v\u00e1\u0161e\u0148 ke kon\u00edm m\u016f\u017ee p\u0159er\u016fst v\u202fl\u00e1sku na cel\u00fd \u017eivot, <\/span><\/span><span style=\"font-family: Verdana, sans-serif\"><span style=\"font-size: large\">Seri\u00e1l m<\/span><\/span><span style=\"font-family: Verdana, sans-serif\"><span style=\"font-size: large\">apuje vztahy uvnit\u0159 rodiny Adama Dvorsk\u00e9ho, kter\u00e9ho potkalo zran\u011bn\u00ed a s\u202fn\u00edm spojen\u00fd celo\u017eivotn\u00ed fyzick\u00fd hendikep. P\u0159edev\u0161\u00edm ale d\u011bj seri\u00e1lu stoj\u00ed na re\u00e1ln\u00fdch p\u0159\u00edb\u011bz\u00edch samotn\u00fdch kon\u00ed. Div\u00e1ci tak <\/span><\/span><span style=\"font-family: Verdana, sans-serif\"><span style=\"font-size: large\">mohou<\/span><\/span><span style=\"font-family: Verdana, sans-serif\"><span style=\"font-size: large\"> nahl\u00e9dnout do sv\u011bta profesion\u00e1ln\u00edho chovu dostihov\u00fdch kon\u00ed., <\/span><\/span><span style=\"font-family: Verdana, sans-serif\"><span style=\"font-size: large\">kdy k<\/span><\/span><span style=\"font-family: Verdana, sans-serif\"><span style=\"font-size: large\">a\u017ed\u00e1 epizoda nese p\u0159\u00edb\u011bh jednoho ko\u0148sk\u00e9ho hrdiny. D\u011bj se odehr\u00e1v\u00e1 v chovn\u00fdch st\u00e1j\u00edch Dvorce, pojmenovan\u00fdch po majiteli \u2013 rodin\u011b Dvorsk\u00fdch, ve sv\u011bt\u011b kon\u00ed zn\u00e1m\u00fdch jako rodinn\u00fd klan \u201eDvore\u010d\u00e1ci\u201c. Hlavn\u00ed \u201ekulisou\u201c nov\u00e9ho seri\u00e1lu je n\u00e1dhern\u00fd statek s dechberouc\u00edmi v\u00fdhledy do bene\u0161ovsk\u00e9 p\u0159\u00edrody. Osudy lid\u00ed i kon\u00ed se protnou i na dostihov\u00e9m z\u00e1vodi\u0161ti ve Velk\u00e9 Chuchli. <\/span><\/span><\/p>\n<p><span style=\"font-family: Verdana, sans-serif\"><span style=\"font-size: large\">V seri\u00e1lu <\/span><\/span><span style=\"font-family: Verdana, sans-serif\"><span style=\"font-size: large\">\u00fa\u010dinkuj\u00ed Marek Lambora, Michal Dlouh\u00fd, Lenka Vlas\u00e1kov\u00e1, Darija Pavlovi\u010dov\u00e1, Ond\u0159ej Kraus, Martin Kraus, Mat\u011bj H\u00e1dek, \u0160t\u011bp\u00e1n Benoni a dal\u0161\u00ed. <\/span><\/span><span style=\"font-family: Verdana, sans-serif\"><span style=\"font-size: large\">\u00dast\u0159edn\u00ed p\u00edse\u0148 pro seri\u00e1l slo\u017eil a <\/span><\/span><span style=\"font-family: Verdana, sans-serif\"><span style=\"font-size: large\">zp\u00edv\u00e1 <\/span><\/span><span style=\"font-family: Verdana, sans-serif\"><span style=\"font-size: large\">V\u00e1clav Noid B\u00e1rta<\/span><\/span><span style=\"font-family: Verdana, sans-serif\"><span style=\"font-size: large\">. <\/span><\/span><\/p>\n<p><span style=\"font-family: Verdana, sans-serif\"><span style=\"font-size: large\">Bohumil Brej\u017eek<\/span><\/span><\/p>\n","protected":false},"excerpt":{"rendered":"<p>Na z\u00e1vodi\u0161ti v pra\u017esk\u00e9 Chuchli p\u0159edstavila televize Prima nov\u00fd seri\u00e1l O lidech a kon\u00edch dokazuj\u00edc\u00ed,&#8230;<\/p>\n","protected":false},"author":3,"featured_media":302,"comment_status":"closed","ping_status":"closed","sticky":false,"template":"","format":"standard","meta":{"footnotes":""},"categories":[1],"tags":[],"class_list":["post-308","post","type-post","status-publish","format-standard","has-post-thumbnail","hentry","category-uncategorized"],"_links":{"self":[{"href":"https:\/\/www.partyweb.cz\/index.php?rest_route=\/wp\/v2\/posts\/308","targetHints":{"allow":["GET"]}}],"collection":[{"href":"https:\/\/www.partyweb.cz\/index.php?rest_route=\/wp\/v2\/posts"}],"about":[{"href":"https:\/\/www.partyweb.cz\/index.php?rest_route=\/wp\/v2\/types\/post"}],"author":[{"embeddable":true,"href":"https:\/\/www.partyweb.cz\/index.php?rest_route=\/wp\/v2\/users\/3"}],"replies":[{"embeddable":true,"href":"https:\/\/www.partyweb.cz\/index.php?rest_route=%2Fwp%2Fv2%2Fcomments&post=308"}],"version-history":[{"count":2,"href":"https:\/\/www.partyweb.cz\/index.php?rest_route=\/wp\/v2\/posts\/308\/revisions"}],"predecessor-version":[{"id":310,"href":"https:\/\/www.partyweb.cz\/index.php?rest_route=\/wp\/v2\/posts\/308\/revisions\/310"}],"wp:featuredmedia":[{"embeddable":true,"href":"https:\/\/www.partyweb.cz\/index.php?rest_route=\/wp\/v2\/media\/302"}],"wp:attachment":[{"href":"https:\/\/www.partyweb.cz\/index.php?rest_route=%2Fwp%2Fv2%2Fmedia&parent=308"}],"wp:term":[{"taxonomy":"category","embeddable":true,"href":"https:\/\/www.partyweb.cz\/index.php?rest_route=%2Fwp%2Fv2%2Fcategories&post=308"},{"taxonomy":"post_tag","embeddable":true,"href":"https:\/\/www.partyweb.cz\/index.php?rest_route=%2Fwp%2Fv2%2Ftags&post=308"}],"curies":[{"name":"wp","href":"https:\/\/api.w.org\/{rel}","templated":true}]}}