{"id":268,"date":"2025-06-05T11:48:47","date_gmt":"2025-06-05T11:48:47","guid":{"rendered":"https:\/\/www.partyweb.cz\/?p=268"},"modified":"2025-06-05T11:48:47","modified_gmt":"2025-06-05T11:48:47","slug":"transporter-mel-premieru-ve-voderadkach-zazpival-tomas-klus","status":"publish","type":"post","link":"https:\/\/www.partyweb.cz\/?p=268","title":{"rendered":"Transporter m\u011bl premi\u00e9ru ve Vod\u011br\u00e1dk\u00e1ch, zazp\u00edval Tom\u00e1\u0161 Klus"},"content":{"rendered":"<p align=\"left\"><strong>U\u017eitkov\u00fd <\/strong><strong>Volkswagen<\/strong> <strong>Transporter slav\u00ed 75 let sv\u00e9 existence novou, sedmou generac\u00ed, kter\u00e1 je od jara leto\u0161n\u00edho roku postupn\u011b uv\u00e1d\u011bna na \u010desk\u00fd trh. <\/strong><strong>Novinku p\u0159edvedla zna\u010dka m\u00e9di\u00edm, dealer\u016fm i z\u00e1kazn\u00edk\u016fm na profesn\u00ed akci ve Vod\u011br\u00e1dk\u00e1ch u \u0158\u00ed\u010dan.<\/strong><!--more--><\/p>\n<p align=\"left\">Jako prvn\u00ed se u \u010desk\u00fdch autorizovan\u00fdch prodejc\u016f objevil sk\u0159\u00ed\u0148ov\u00fd\u00a0<em>Transporter<\/em>\u00a0a nyn\u00ed si z\u00e1kazn\u00edci mohou v b\u011b\u017en\u00e9m provozu vyzkou\u0161et tak\u00e9 nov\u00fd model Caravelle koncipovan\u00fd pro osobn\u00ed p\u0159epravu. V\u00a0pr\u016fb\u011bhu \u010dervna se pak nab\u00eddka zku\u0161ebn\u00edch voz\u016f rozroste o verzi Kombi umo\u017e\u0148uj\u00edc\u00ed kombinovanou p\u0159epravu osob a n\u00e1kladu.<\/p>\n<p align=\"left\">S\u00e9riovou v\u00fdbavu zavr\u0161uje z\u00e1ruka na 2+3 roky\/200 000 km a v\u0161echny Entry modely jsou nab\u00edzeny se servisn\u00edm bal\u00ed\u010dkem na 5 let zdarma.\u00a0<em>Transporter<\/em>\u00a0je nav\u00edc i nad\u00e1le ide\u00e1ln\u00edm z\u00e1kladem pro p\u0159estavby v\u0161eho druhu.<\/p>\n<p align=\"left\"><img loading=\"lazy\" decoding=\"async\" class=\"alignnone size-medium wp-image-13649\" src=\"http:\/\/www.automakers.cz\/wp-content\/uploads\/2025\/06\/VW-Transporter-Cimrova-tiskovka-900x506.jpeg\" sizes=\"auto, (max-width: 900px) 100vw, 900px\" srcset=\"https:\/\/www.automakers.cz\/wp-content\/uploads\/2025\/06\/VW-Transporter-Cimrova-tiskovka-900x506.jpeg 900w, https:\/\/www.automakers.cz\/wp-content\/uploads\/2025\/06\/VW-Transporter-Cimrova-tiskovka-1024x576.jpeg 1024w, https:\/\/www.automakers.cz\/wp-content\/uploads\/2025\/06\/VW-Transporter-Cimrova-tiskovka-768x432.jpeg 768w, https:\/\/www.automakers.cz\/wp-content\/uploads\/2025\/06\/VW-Transporter-Cimrova-tiskovka-1536x864.jpeg 1536w, https:\/\/www.automakers.cz\/wp-content\/uploads\/2025\/06\/VW-Transporter-Cimrova-tiskovka-1280x720.jpeg 1280w, https:\/\/www.automakers.cz\/wp-content\/uploads\/2025\/06\/VW-Transporter-Cimrova-tiskovka.jpeg 2048w\" alt=\"\" width=\"900\" height=\"506\" \/>\u201eStejn\u011b jako po p\u0159edchoz\u00edch genera\u010dn\u00edch obm\u011bn\u00e1ch nab\u00edz\u00ed i v po\u0159ad\u00ed sedm\u00fd Volkswagen\u00a0<em>Transporter<\/em> u\u017eivatel\u016fm v\u00edc ne\u017e p\u0159edch\u016fdce,\u201c \u0159\u00edk\u00e1 <strong>Mirka Cimrov\u00e1, vedouc\u00ed divize Volkswagen U\u017eitkov\u00e9 vozy spole\u010dnosti Porsche\u00a0\u010cesk\u00e1 republika<\/strong>, a dod\u00e1v\u00e1:<\/p>\n<p>\u201eV\u0161ichni z\u00e1kazn\u00edci, kte\u0159\u00ed hledaj\u00ed do sv\u00e9ho vozov\u00e9ho parku velkou posilu pro sv\u00e9 podnik\u00e1n\u00ed, se o tom mohou p\u0159esv\u011bd\u010dit na vlastn\u00ed k\u016f\u017ei u na\u0161ich autorizovan\u00fdch prodejc\u016f. Ti ji\u017e nab\u00edzej\u00ed ke zku\u0161ebn\u00edm j\u00edzd\u00e1m krom\u011b sk\u0159\u00ed\u0148ov\u00e9ho\u00a0<em>Transporter<\/em>u tak\u00e9 osobn\u00ed Caravelle a zanedlouho svou nab\u00eddku roz\u0161\u00ed\u0159\u00ed o v\u0161estrann\u00fd\u00a0<em>Transporter<\/em>\u00a0Kombi. Krom\u011b toho jsme do konfigur\u00e1toru p\u0159idali dal\u0161\u00ed verze a prvky v\u00fdbavy umo\u017e\u0148uj\u00edc\u00ed individualizaci vozidla na m\u00edru pot\u0159eb\u00e1m z\u00e1kazn\u00edka. V\u00a0letn\u00ed sezon\u011b nav\u00edc za\u0159ad\u00edme nov\u00fd model Caravelle do vozov\u00e9ho parku na\u0161\u00ed origin\u00e1ln\u00ed autop\u016fj\u010dovny MPV a lehk\u00fdch u\u017eitkov\u00fdch voz\u016f Das RentAuto.\u201c<\/p>\n<p><img loading=\"lazy\" decoding=\"async\" class=\"alignnone size-medium wp-image-13624\" src=\"http:\/\/www.automakers.cz\/wp-content\/uploads\/2025\/06\/Volkswagen-Transporter-rada-dodavek-900x506.jpeg\" sizes=\"auto, (max-width: 900px) 100vw, 900px\" srcset=\"https:\/\/www.automakers.cz\/wp-content\/uploads\/2025\/06\/Volkswagen-Transporter-rada-dodavek-900x506.jpeg 900w, https:\/\/www.automakers.cz\/wp-content\/uploads\/2025\/06\/Volkswagen-Transporter-rada-dodavek-1024x576.jpeg 1024w, https:\/\/www.automakers.cz\/wp-content\/uploads\/2025\/06\/Volkswagen-Transporter-rada-dodavek-768x432.jpeg 768w, https:\/\/www.automakers.cz\/wp-content\/uploads\/2025\/06\/Volkswagen-Transporter-rada-dodavek-1536x864.jpeg 1536w, https:\/\/www.automakers.cz\/wp-content\/uploads\/2025\/06\/Volkswagen-Transporter-rada-dodavek-1280x720.jpeg 1280w, https:\/\/www.automakers.cz\/wp-content\/uploads\/2025\/06\/Volkswagen-Transporter-rada-dodavek.jpeg 2048w\" alt=\"\" width=\"900\" height=\"506\" \/><strong>Volkswagen U\u017eitkov\u00e9<\/strong> vozy postupn\u011b roz\u0161i\u0159uje tak\u00e9 mo\u017enosti individualizace. Pouze u prodejc\u016f lze v\u00a0t\u00e9to f\u00e1zi objedn\u00e1vat modely\u00a0<em>Transporter<\/em>\u00a0a Caravelle s plug-in hybridn\u00edm pohonem eHybrid a bezestup\u0148ovou automatickou p\u0159evodovkou CVT, kter\u00fd poskytuje nejvy\u0161\u0161\u00ed celkov\u00fd v\u00fdkon 171 kW (232 k) a d\u00e1le i\u00a0<em>Transporter<\/em>\u00a0DOKA (<em>Transporter<\/em>\u00a0valn\u00edk s\u00a0dvojkabinou), v\u00fdroba t\u00e9to modelov\u00e9 varianty bude zah\u00e1jena a\u017e v pr\u016fb\u011bhu roku 2026.<\/p>\n<p>Nicm\u00e9n\u011b nab\u00eddka v z\u00e1kaznick\u00e9m konfigur\u00e1toru byla ji\u017e nyn\u00ed roz\u0161\u00ed\u0159ena o varianty L-SHAPE (sk\u0159\u00ed\u0148ov\u00fd v\u016fz s\u00a0p\u0159ep\u00e1\u017ekou ve tvaru L) a sk\u0159\u00ed\u0148ov\u00fd v\u016fz PLUS a o pln\u011b elektrick\u00e9 varianty Caravelle a\u00a0<em>Transporter<\/em>\u00a0Kombi. Do v\u00fdbav byla nov\u011b za\u0159azena vysok\u00e1 st\u0159echa pro Kombi a sk\u0159\u00ed\u0148ov\u00fd v\u016fz.<\/p>\n<p><img loading=\"lazy\" decoding=\"async\" class=\"size-medium wp-image-13621\" src=\"http:\/\/www.automakers.cz\/wp-content\/uploads\/2025\/06\/VW-Transporter-Voderadky-900x506.jpeg\" sizes=\"auto, (max-width: 900px) 100vw, 900px\" srcset=\"https:\/\/www.automakers.cz\/wp-content\/uploads\/2025\/06\/VW-Transporter-Voderadky-900x506.jpeg 900w, https:\/\/www.automakers.cz\/wp-content\/uploads\/2025\/06\/VW-Transporter-Voderadky-1024x576.jpeg 1024w, https:\/\/www.automakers.cz\/wp-content\/uploads\/2025\/06\/VW-Transporter-Voderadky-768x432.jpeg 768w, https:\/\/www.automakers.cz\/wp-content\/uploads\/2025\/06\/VW-Transporter-Voderadky-1536x864.jpeg 1536w, https:\/\/www.automakers.cz\/wp-content\/uploads\/2025\/06\/VW-Transporter-Voderadky-1280x720.jpeg 1280w, https:\/\/www.automakers.cz\/wp-content\/uploads\/2025\/06\/VW-Transporter-Voderadky.jpeg 2048w\" alt=\"\" width=\"900\" height=\"506\" \/><\/p>\n<p>S v\u0161estrann\u00fdm vyu\u017eit\u00edm modelu <em>Transporter<\/em> po\u010d\u00edt\u00e1 ji\u017e z\u00e1kladn\u00ed konstrukce, kterou dopl\u0148uje standardizovan\u00e9 rozhran\u00ed pro snadn\u00e9 p\u0159ipojen\u00ed dodate\u010dn\u011b montovan\u00fdch za\u0159\u00edzen\u00ed k syst\u00e9m\u016fm vozidla. Sedm\u00e1 generace tak p\u0159eb\u00edr\u00e1 \u0161tafetu od sv\u00fdch p\u0159edch\u016fdc\u016f, d\u00edky nim\u017e je\u00a0<em>Transporter<\/em>\u00a0historicky nejv\u00edce p\u0159estavovan\u00fdm modelem v historii zna\u010dky Volkswagen U\u017eitkov\u00e9 vozy. Na z\u00e1klad\u011b univerz\u00e1ln\u00edho\u00a0<em>Transporter<\/em>u lze realizovat nejr\u016fzn\u011bj\u0161\u00ed druhy p\u0159estaveb, jak dokl\u00e1daj\u00ed prvn\u00ed p\u0159estav\u011bn\u00e9 vozy sedm\u00e9 generace od sanitn\u00edho vozu p\u0159es poj\u00edzdnou \u0159emeslnou d\u00edlnu, v\u016fz pro p\u0159epravu voz\u00ed\u010dk\u00e1\u0159\u016f a dopravn\u00ed automobil pro hasi\u010de a\u017e po chlad\u00edrensk\u00fd v\u016fz.<\/p>\n<p><img loading=\"lazy\" decoding=\"async\" class=\"alignnone size-medium wp-image-13626\" src=\"http:\/\/www.automakers.cz\/wp-content\/uploads\/2025\/06\/Linde-Transporter-900x506.jpeg\" sizes=\"auto, (max-width: 900px) 100vw, 900px\" srcset=\"https:\/\/www.automakers.cz\/wp-content\/uploads\/2025\/06\/Linde-Transporter-900x506.jpeg 900w, https:\/\/www.automakers.cz\/wp-content\/uploads\/2025\/06\/Linde-Transporter-1024x576.jpeg 1024w, https:\/\/www.automakers.cz\/wp-content\/uploads\/2025\/06\/Linde-Transporter-768x432.jpeg 768w, https:\/\/www.automakers.cz\/wp-content\/uploads\/2025\/06\/Linde-Transporter-1536x864.jpeg 1536w, https:\/\/www.automakers.cz\/wp-content\/uploads\/2025\/06\/Linde-Transporter-1280x720.jpeg 1280w, https:\/\/www.automakers.cz\/wp-content\/uploads\/2025\/06\/Linde-Transporter.jpeg 2048w\" alt=\"\" width=\"900\" height=\"506\" \/><strong>Ceny od 700 tis\u00edc korun<\/strong><\/p>\n<p>Nov\u00fd Volkswagen\u00a0<em>Transporter<\/em>\u00a0je mo\u017en\u00e9 po\u0159\u00eddit ji\u017e za 699 000 K\u010d bez DPH. Z\u00e1kazn\u00edci maj\u00ed na v\u00fdb\u011br r\u016fzn\u00e9 karos\u00e1\u0159sk\u00e9 varianty pro p\u0159epravu n\u00e1kladu i osob, kter\u00e9 dopl\u0148uj\u00ed podvozky pro individu\u00e1ln\u00ed n\u00e1stavby. Nem\u00e9n\u011b \u0161irok\u00e9 je tak\u00e9 portfolio pohon\u016f.<\/p>\n<p>\u0158adu turbodiesel\u016f 2.0 TDI dod\u00e1van\u00fdch ve v\u00fdkonov\u00fdch stupn\u00edch 81 kW (110 k), 110 kW (150 k) a 125 kW (170 k) dopl\u0148uj\u00ed plug-in hybridn\u00ed a \u010dist\u011b elektrick\u00e9 pohony. Samoz\u0159ejmost\u00ed u v\u0161ech variant je bohat\u00e1 s\u00e9riov\u00e1 v\u00fdbava, jej\u00ed\u017e sou\u010d\u00e1st\u00ed je mimo jin\u00e9 z\u00e1ruka na 2+3 roky\/200 000 km umocn\u011bn\u00e1 servisn\u00edm bal\u00ed\u010dkem na dobu 5 let nebo do ujet\u00ed 90 000 kilometr\u016f zdarma. V\u00fdznamn\u00fdm argumentem ve prosp\u011bch nov\u00fdch model\u016f <em>Transporter<\/em>\u00a0a Caravelle je tak\u00e9 hust\u00e1 s\u00ed\u0165 autorizovan\u00fdch servis\u016f, kter\u00e9 z\u00e1kazn\u00edci naleznou na v\u00edce ne\u017e 80 m\u00edstech po cel\u00e9 \u010cesk\u00e9 republice.<\/p>\n<p><img loading=\"lazy\" decoding=\"async\" class=\"alignnone size-medium wp-image-13188\" src=\"http:\/\/www.automakers.cz\/wp-content\/uploads\/2025\/05\/VW-Transporter-Voderadky-Cimrova-900x506.jpg\" sizes=\"auto, (max-width: 900px) 100vw, 900px\" srcset=\"https:\/\/www.automakers.cz\/wp-content\/uploads\/2025\/05\/VW-Transporter-Voderadky-Cimrova-900x506.jpg 900w, https:\/\/www.automakers.cz\/wp-content\/uploads\/2025\/05\/VW-Transporter-Voderadky-Cimrova-1024x576.jpg 1024w, https:\/\/www.automakers.cz\/wp-content\/uploads\/2025\/05\/VW-Transporter-Voderadky-Cimrova-768x432.jpg 768w, https:\/\/www.automakers.cz\/wp-content\/uploads\/2025\/05\/VW-Transporter-Voderadky-Cimrova-1536x864.jpg 1536w, https:\/\/www.automakers.cz\/wp-content\/uploads\/2025\/05\/VW-Transporter-Voderadky-Cimrova-1280x720.jpg 1280w, https:\/\/www.automakers.cz\/wp-content\/uploads\/2025\/05\/VW-Transporter-Voderadky-Cimrova.jpg 2048w\" alt=\"\" width=\"900\" height=\"506\" \/><strong>Foto: Erich Handl, Vod\u011br\u00e1dky<\/strong><\/p>\n<p><img loading=\"lazy\" decoding=\"async\" class=\"alignnone size-medium wp-image-13652\" src=\"http:\/\/www.automakers.cz\/wp-content\/uploads\/2025\/06\/VW-Transporter-veteran-900x506.jpeg\" sizes=\"auto, (max-width: 900px) 100vw, 900px\" srcset=\"https:\/\/www.automakers.cz\/wp-content\/uploads\/2025\/06\/VW-Transporter-veteran-900x506.jpeg 900w, https:\/\/www.automakers.cz\/wp-content\/uploads\/2025\/06\/VW-Transporter-veteran-1024x576.jpeg 1024w, https:\/\/www.automakers.cz\/wp-content\/uploads\/2025\/06\/VW-Transporter-veteran-768x432.jpeg 768w, https:\/\/www.automakers.cz\/wp-content\/uploads\/2025\/06\/VW-Transporter-veteran-1536x864.jpeg 1536w, https:\/\/www.automakers.cz\/wp-content\/uploads\/2025\/06\/VW-Transporter-veteran-1280x720.jpeg 1280w, https:\/\/www.automakers.cz\/wp-content\/uploads\/2025\/06\/VW-Transporter-veteran.jpeg 2048w\" alt=\"\" width=\"900\" height=\"506\" \/><\/p>\n<p>&nbsp;<\/p>\n","protected":false},"excerpt":{"rendered":"<p>U\u017eitkov\u00fd Volkswagen Transporter slav\u00ed 75 let sv\u00e9 existence novou, sedmou generac\u00ed, kter\u00e1 je od jara&#8230;<\/p>\n","protected":false},"author":1,"featured_media":269,"comment_status":"closed","ping_status":"closed","sticky":false,"template":"","format":"standard","meta":{"footnotes":""},"categories":[4,8,9],"tags":[],"class_list":["post-268","post","type-post","status-publish","format-standard","has-post-thumbnail","hentry","category-eventy","category-koncerty","category-tiskove-konference"],"_links":{"self":[{"href":"https:\/\/www.partyweb.cz\/index.php?rest_route=\/wp\/v2\/posts\/268","targetHints":{"allow":["GET"]}}],"collection":[{"href":"https:\/\/www.partyweb.cz\/index.php?rest_route=\/wp\/v2\/posts"}],"about":[{"href":"https:\/\/www.partyweb.cz\/index.php?rest_route=\/wp\/v2\/types\/post"}],"author":[{"embeddable":true,"href":"https:\/\/www.partyweb.cz\/index.php?rest_route=\/wp\/v2\/users\/1"}],"replies":[{"embeddable":true,"href":"https:\/\/www.partyweb.cz\/index.php?rest_route=%2Fwp%2Fv2%2Fcomments&post=268"}],"version-history":[{"count":2,"href":"https:\/\/www.partyweb.cz\/index.php?rest_route=\/wp\/v2\/posts\/268\/revisions"}],"predecessor-version":[{"id":271,"href":"https:\/\/www.partyweb.cz\/index.php?rest_route=\/wp\/v2\/posts\/268\/revisions\/271"}],"wp:featuredmedia":[{"embeddable":true,"href":"https:\/\/www.partyweb.cz\/index.php?rest_route=\/wp\/v2\/media\/269"}],"wp:attachment":[{"href":"https:\/\/www.partyweb.cz\/index.php?rest_route=%2Fwp%2Fv2%2Fmedia&parent=268"}],"wp:term":[{"taxonomy":"category","embeddable":true,"href":"https:\/\/www.partyweb.cz\/index.php?rest_route=%2Fwp%2Fv2%2Fcategories&post=268"},{"taxonomy":"post_tag","embeddable":true,"href":"https:\/\/www.partyweb.cz\/index.php?rest_route=%2Fwp%2Fv2%2Ftags&post=268"}],"curies":[{"name":"wp","href":"https:\/\/api.w.org\/{rel}","templated":true}]}}