{"id":108,"date":"2024-10-16T13:28:40","date_gmt":"2024-10-16T13:28:40","guid":{"rendered":"https:\/\/www.partyweb.cz\/?p=108"},"modified":"2024-10-16T13:28:40","modified_gmt":"2024-10-16T13:28:40","slug":"lidri-budoucnosti-se-sesli-na-prazskem-hrade","status":"publish","type":"post","link":"https:\/\/www.partyweb.cz\/?p=108","title":{"rendered":"L\u00edd\u0159i budoucnosti se se\u0161li na Pra\u017esk\u00e9m hrad\u011b"},"content":{"rendered":"<p><strong>Jedine\u010dn\u00e9ho hosta, nejzn\u00e1m\u011bj\u0161\u00edh<\/strong><strong>o sv\u011btov\u00e9ho vyjednava\u010de a b\u00fdval\u00e9ho hlavn\u00edho vyjednava\u010de FBI s \u00fanosci a teroristy Chrise Vosse a jeho prezentaci o empatick\u00e9m leadershipu hostila konference L\u00edd\u0159i budoucnosti v Lobkowiczk\u00e9m pal\u00e1ci Pra\u017esk\u00e9ho hradu.<\/strong><span id=\"more-1804\"><\/span><!--more--><\/p>\n<p>\u00da\u010dastn\u00edci konference shl\u00e9dli tak\u00e9 vystoupen\u00ed p\u0159edn\u00edch \u010desk\u00fdch l\u00eddr\u016f \u2013 prezidenta Asociace vyjednava\u010d\u016f Radima Pa\u0159\u00edka, v\u00fdkonn\u00e9 \u0159editelky UNICEF \u010cR Pavly Gomba, gener\u00e1ln\u00ed \u0159editelky ManpowerGroup Jaroslavy Rezlerov\u00e9, CP&amp;CO \u010cesk\u00e9 spo\u0159itelny Davida Vrby a\u00a0Daniela Digo\u0148e, gener\u00e1ln\u00edho \u0159editele Atalian CZ a horolezce Radka Jaro\u0161e. T\u00e9ma leadershipu budoucnosti se dotklo tak\u00e9 n\u00e1stupnick\u00e9 generace Z.<\/p>\n<p>Elitn\u00ed americk\u00fd vyjednava\u010d Chris Voss, kter\u00fd b\u011bhem sv\u00e9 slu\u017eby v FBI vedl vyjedn\u00e1v\u00e1n\u00ed s teroristy i \u00fanosci, dnes d\u00edky sv\u00fdm zku\u0161enostem aktivn\u011b pom\u00e1h\u00e1 firm\u00e1m p\u0159i nejt\u011b\u017e\u0161\u00edch obchodn\u00edch vyjedn\u00e1v\u00e1n\u00edch. P\u0159i prezentaci vysv\u011btlil v\u00fdznam komunikace a komunika\u010dn\u00edch taktik pro zv\u00fd\u0161en\u00ed efektivity v dosahov\u00e1n\u00ed c\u00edl\u016f ve vyjedn\u00e1v\u00e1n\u00edch, jedn\u00e1n\u00edch a ve veden\u00ed organizac\u00ed, a v\u00fdznam empatie v\u00a0komunikaci.<\/p>\n<figure id=\"attachment_1806\" class=\"wp-caption alignnone\" aria-describedby=\"caption-attachment-1806\"><img loading=\"lazy\" decoding=\"async\" class=\"wp-image-1806 size-medium\" src=\"https:\/\/www.czechbanking.cz\/wp-content\/uploads\/2024\/10\/Chris-Voss-prednaska-01-Konference-Lidri-budoucnosti-\u00a9Asociace-vyjednavacu-1-300x200.jpg\" sizes=\"auto, (max-width: 300px) 100vw, 300px\" srcset=\"https:\/\/www.czechbanking.cz\/wp-content\/uploads\/2024\/10\/Chris-Voss-prednaska-01-Konference-Lidri-budoucnosti-\u00a9Asociace-vyjednavacu-1-300x200.jpg 300w, https:\/\/www.czechbanking.cz\/wp-content\/uploads\/2024\/10\/Chris-Voss-prednaska-01-Konference-Lidri-budoucnosti-\u00a9Asociace-vyjednavacu-1-1024x682.jpg 1024w, https:\/\/www.czechbanking.cz\/wp-content\/uploads\/2024\/10\/Chris-Voss-prednaska-01-Konference-Lidri-budoucnosti-\u00a9Asociace-vyjednavacu-1-768x512.jpg 768w, https:\/\/www.czechbanking.cz\/wp-content\/uploads\/2024\/10\/Chris-Voss-prednaska-01-Konference-Lidri-budoucnosti-\u00a9Asociace-vyjednavacu-1-1536x1024.jpg 1536w, https:\/\/www.czechbanking.cz\/wp-content\/uploads\/2024\/10\/Chris-Voss-prednaska-01-Konference-Lidri-budoucnosti-\u00a9Asociace-vyjednavacu-1.jpg 2000w\" alt=\"\" width=\"300\" height=\"200\" \/><figcaption id=\"caption-attachment-1806\" class=\"wp-caption-text\">Chris Voss<\/figcaption><\/figure>\n<p>Sou\u010d\u00e1st\u00ed konference byla anketa L\u00eddr budoucnosti, do kter\u00e9 ve\u0159ejnost nominovala kandid\u00e1ty a\u00a0n\u00e1sledn\u011b hlasovala pro v\u016fd\u010d\u00ed osobnost, je\u017e napl\u0148uje po\u017eadavky leadershipu. Sout\u011b\u017e m\u011bla \u010dty\u0159i v\u00edt\u011bzn\u00e9 kandid\u00e1ty \u2013 Tom\u00e1\u0161e V\u00e1vru, Team Leadera ve spole\u010dnosti Decathlon, Lenku \u017dlebkovou, CEO Kongresov\u00e9ho centra Praha, Radka Strouhala, CEO V\u00edtkovice Steel a Moniku \u0160im\u00e1nkov\u00e1, CEO ITS Group.<\/p>\n<p>Konference L\u00edd\u0159i budoucnosti se z\u00fa\u010dastnili tak\u00e9 z\u00e1stupci n\u00e1stupnick\u00fdch generac\u00ed. Za UNICEF spolu s\u00a0Pavlou Gombou dorazili v\u00edt\u011bzov\u00e9 sout\u011b\u017ee D\u00edt\u011b \u010ceska 2023, kde porota vybrala tv\u016frkyni edukativn\u00edch her Krist\u00fdnu Kedrovou a matematick\u00e9ho nad\u0161ence Mat\u011bje Pavli\u0161e.\u00a0 A stejn\u011b jako v\u00a0lo\u0148sk\u00e9m roce dorazili mlad\u00ed dosp\u011bl\u00ed z\u00a0d\u011btsk\u00fdch domov\u016f, kter\u00e9 v\u00a0r\u00e1mci podnikatelsk\u00e9ho kempu Nadace ZET u\u010d\u00ed \u00fasp\u011b\u0161n\u00ed podnikatel\u00e9 postavit se na vlastn\u00ed nohy v\u00a0p\u0159ich\u00e1zej\u00edc\u00edm\u00a0produktivn\u00edm v\u011bku. Radim Pa\u0159\u00edk je dlouholet\u00fdm ambasadorem kempu a\u00a0Asociace vyjednava\u010d\u016f zde u\u017e druh\u00fdm rokem po\u0159\u00e1dala sout\u011b\u017e o \u010dty\u0159i vstupenky na\u00a0konferenci.<\/p>\n<p>Konference se v\u011bnovala n\u00e1stupnick\u00e9 generaci, proto\u017ee v\u00a0sou\u010dasnosti aktivn\u011b vstupuje do f\u00e1ze leadershipu. <em>\u201eM\u00e1me za sebou mana\u017eery z\u00a090. let, kte\u0159\u00ed vytv\u00e1\u0159eli tlak na zam\u011bstnance a\u00a0nestarali se o n\u011b. <\/em><em>Stejn\u011b tato generace postupovala p\u0159i\u00a0v\u00fdchov\u011b. Jen\u017ee dlouhodob\u011b vytv\u00e1\u0159en\u00fd tlak na d\u011bti m\u011bn\u00ed strukturu jejich osobnosti. Nau\u010dili se n\u00e1s b\u00e1t, vyh\u00fdbat se odpov\u011bdnosti a\u00a0vyh\u00fdbat se \u0159e\u0161en\u00ed probl\u00e9m\u016f. L\u00edd\u0159i ale mus\u00ed b\u00fdt otev\u0159en\u00ed. Otev\u0159en\u011b sd\u00edlet sv\u00e9 osudy, otev\u0159en\u011b mluvit o probl\u00e9mech a probl\u00e9my tak\u00e9 \u0159e\u0161it, ne se p\u0159ed nimi schov\u00e1vat,\u201c<\/em> \u0159\u00edk\u00e1 Radim Pa\u0159\u00edk, tak\u00e9 vrcholov\u00fd mana\u017eer a b\u00fdval\u00fd m\u00edstop\u0159edseda p\u0159edstavenstva retailov\u00e9ho gigantu Kaufland ze\u00a0Schwarz Gruppe. <em>\u201ePokud budeme m\u00edt ve sv\u00e9m okol\u00ed skute\u010dn\u00e9 l\u00eddry, bude n\u00e1\u0161 \u017eivot lep\u0161\u00ed,\u201c <\/em>shrnul prezident Asociace vyjednava\u010d\u016f Radim Pa\u0159\u00edk.<\/p>\n<figure id=\"attachment_1807\" class=\"wp-caption alignnone\" aria-describedby=\"caption-attachment-1807\"><img loading=\"lazy\" decoding=\"async\" class=\"wp-image-1807 size-medium\" src=\"https:\/\/www.czechbanking.cz\/wp-content\/uploads\/2024\/10\/Radim-Parik-prednaska-Konference-Lidri-budoucnosti-\u00a9Asociace-vyjednavacu-300x200.jpg\" sizes=\"auto, (max-width: 300px) 100vw, 300px\" srcset=\"https:\/\/www.czechbanking.cz\/wp-content\/uploads\/2024\/10\/Radim-Parik-prednaska-Konference-Lidri-budoucnosti-\u00a9Asociace-vyjednavacu-300x200.jpg 300w, https:\/\/www.czechbanking.cz\/wp-content\/uploads\/2024\/10\/Radim-Parik-prednaska-Konference-Lidri-budoucnosti-\u00a9Asociace-vyjednavacu-1024x682.jpg 1024w, https:\/\/www.czechbanking.cz\/wp-content\/uploads\/2024\/10\/Radim-Parik-prednaska-Konference-Lidri-budoucnosti-\u00a9Asociace-vyjednavacu-768x512.jpg 768w, https:\/\/www.czechbanking.cz\/wp-content\/uploads\/2024\/10\/Radim-Parik-prednaska-Konference-Lidri-budoucnosti-\u00a9Asociace-vyjednavacu-1536x1024.jpg 1536w, https:\/\/www.czechbanking.cz\/wp-content\/uploads\/2024\/10\/Radim-Parik-prednaska-Konference-Lidri-budoucnosti-\u00a9Asociace-vyjednavacu.jpg 2000w\" alt=\"\" width=\"300\" height=\"200\" \/><figcaption id=\"caption-attachment-1807\" class=\"wp-caption-text\">Radim Pa\u0159\u00edk<\/figcaption><\/figure>\n<p>Konferenci L\u00edd\u0159i budoucnosti po\u0159\u00e1dal pod z\u00e1\u0161titou Asociace vyjednava\u010d\u016f\u00a0Expertn\u00ed Board 21. Radim Pa\u0159\u00edk je v\u00a0sou\u010dasnosti nejzn\u00e1m\u011bj\u0161\u00edm profesion\u00e1ln\u00edm vyjednava\u010dem v\u00a0\u010cesku. Je autorem popul\u00e1rn\u011b nau\u010dn\u00e9ho bestselleru \u201cUm\u011bn\u00ed vyjednat cokoliv\u201d a jako jedin\u00fd z\u00a0Evropsk\u00e9 unie je\u00a0spoluautorem \u00fasp\u011b\u0161n\u00e9 knihy \u201eEmpathetic Leadership\u201c s Chrisem Vossem, autorem sv\u011btov\u00e9ho bestselleru o vyjedn\u00e1v\u00e1n\u00ed \u201cNikdy ned\u011blej kompromis\u201d.<\/p>\n<p><strong>Lud\u011bk Kortus, Pra\u017esk\u00fd hrad<\/strong><\/p>\n<div class=\"heateor_sss_sharing_container heateor_sss_vertical_sharing heateor_sss_bottom_sharing\" data-heateor-sss-href=\"https:\/\/www.czechbanking.cz\/?p=1804\"><\/div>\n","protected":false},"excerpt":{"rendered":"<p>Jedine\u010dn\u00e9ho hosta, nejzn\u00e1m\u011bj\u0161\u00edho sv\u011btov\u00e9ho vyjednava\u010de a b\u00fdval\u00e9ho hlavn\u00edho vyjednava\u010de FBI s \u00fanosci a teroristy Chrise&#8230;<\/p>\n","protected":false},"author":1,"featured_media":109,"comment_status":"closed","ping_status":"closed","sticky":false,"template":"","format":"standard","meta":{"footnotes":""},"categories":[4,10],"tags":[],"class_list":["post-108","post","type-post","status-publish","format-standard","has-post-thumbnail","hentry","category-eventy","category-konference"],"_links":{"self":[{"href":"https:\/\/www.partyweb.cz\/index.php?rest_route=\/wp\/v2\/posts\/108","targetHints":{"allow":["GET"]}}],"collection":[{"href":"https:\/\/www.partyweb.cz\/index.php?rest_route=\/wp\/v2\/posts"}],"about":[{"href":"https:\/\/www.partyweb.cz\/index.php?rest_route=\/wp\/v2\/types\/post"}],"author":[{"embeddable":true,"href":"https:\/\/www.partyweb.cz\/index.php?rest_route=\/wp\/v2\/users\/1"}],"replies":[{"embeddable":true,"href":"https:\/\/www.partyweb.cz\/index.php?rest_route=%2Fwp%2Fv2%2Fcomments&post=108"}],"version-history":[{"count":1,"href":"https:\/\/www.partyweb.cz\/index.php?rest_route=\/wp\/v2\/posts\/108\/revisions"}],"predecessor-version":[{"id":110,"href":"https:\/\/www.partyweb.cz\/index.php?rest_route=\/wp\/v2\/posts\/108\/revisions\/110"}],"wp:featuredmedia":[{"embeddable":true,"href":"https:\/\/www.partyweb.cz\/index.php?rest_route=\/wp\/v2\/media\/109"}],"wp:attachment":[{"href":"https:\/\/www.partyweb.cz\/index.php?rest_route=%2Fwp%2Fv2%2Fmedia&parent=108"}],"wp:term":[{"taxonomy":"category","embeddable":true,"href":"https:\/\/www.partyweb.cz\/index.php?rest_route=%2Fwp%2Fv2%2Fcategories&post=108"},{"taxonomy":"post_tag","embeddable":true,"href":"https:\/\/www.partyweb.cz\/index.php?rest_route=%2Fwp%2Fv2%2Ftags&post=108"}],"curies":[{"name":"wp","href":"https:\/\/api.w.org\/{rel}","templated":true}]}}